{"id":161650,"date":"2020-06-03T18:16:34","date_gmt":"2020-06-03T21:16:34","guid":{"rendered":"https:\/\/diarioregionaldigital.com.br\/?p=161650"},"modified":"2020-06-03T18:16:34","modified_gmt":"2020-06-03T21:16:34","slug":"juiz-de-fora-tem-35-mortes-confirmadas","status":"publish","type":"post","link":"https:\/\/diarioregionaldigital.com.br\/?p=161650","title":{"rendered":"Juiz de Fora tem 35 mortes confirmadas"},"content":{"rendered":"<p>A Secretaria de Sa\u00fade (SS) da Prefeitura de Juiz de Fora (PJF), confirmou em boletim epidemiol\u00f3gico divulgado nesta quarta-feira (3), o 35\u00ba \u00f3bito por Coronav\u00edrus no munic\u00edpio. A v\u00edtima \u00e9 uma idosa de 72 anos que morreu nessa ter\u00e7a-feira, 2.Ela tinha alzheimer.<\/p>\n<p>Conforme o boletim, Juiz de Fora chega a 689 casos confirmados e 4.955 s\u00e3o suspeitos.<\/p>\n","protected":false},"excerpt":{"rendered":"<p>A Secretaria de Sa\u00fade (SS) da Prefeitura de Juiz de Fora (PJF), confirmou em boletim epidemiol\u00f3gico divulgado nesta quarta-feira (3), o 35\u00ba \u00f3bito por Coronav\u00edrus no munic\u00edpio. A v\u00edtima \u00e9 uma idosa de 72 anos que morreu nessa ter\u00e7a-feira, 2.Ela tinha alzheimer. Conforme o boletim, Juiz de Fora chega a 689 casos confirmados e 4.955 [&hellip;]<\/p>\n","protected":false},"author":96,"featured_media":161651,"comment_status":"closed","ping_status":"closed","sticky":false,"template":"","format":"standard","meta":{"footnotes":""},"categories":[253,436,440,439],"tags":[],"class_list":["post-161650","post","type-post","status-publish","format-standard","has-post-thumbnail","hentry","category-cidade","category-destaque-da-semana","category-destaques-do-dia","category-ultima-hora"],"_links":{"self":[{"href":"https:\/\/diarioregionaldigital.com.br\/index.php?rest_route=\/wp\/v2\/posts\/161650","targetHints":{"allow":["GET"]}}],"collection":[{"href":"https:\/\/diarioregionaldigital.com.br\/index.php?rest_route=\/wp\/v2\/posts"}],"about":[{"href":"https:\/\/diarioregionaldigital.com.br\/index.php?rest_route=\/wp\/v2\/types\/post"}],"author":[{"embeddable":true,"href":"https:\/\/diarioregionaldigital.com.br\/index.php?rest_route=\/wp\/v2\/users\/96"}],"replies":[{"embeddable":true,"href":"https:\/\/diarioregionaldigital.com.br\/index.php?rest_route=%2Fwp%2Fv2%2Fcomments&post=161650"}],"version-history":[{"count":0,"href":"https:\/\/diarioregionaldigital.com.br\/index.php?rest_route=\/wp\/v2\/posts\/161650\/revisions"}],"wp:featuredmedia":[{"embeddable":true,"href":"https:\/\/diarioregionaldigital.com.br\/index.php?rest_route=\/wp\/v2\/media\/161651"}],"wp:attachment":[{"href":"https:\/\/diarioregionaldigital.com.br\/index.php?rest_route=%2Fwp%2Fv2%2Fmedia&parent=161650"}],"wp:term":[{"taxonomy":"category","embeddable":true,"href":"https:\/\/diarioregionaldigital.com.br\/index.php?rest_route=%2Fwp%2Fv2%2Fcategories&post=161650"},{"taxonomy":"post_tag","embeddable":true,"href":"https:\/\/diarioregionaldigital.com.br\/index.php?rest_route=%2Fwp%2Fv2%2Ftags&post=161650"}],"curies":[{"name":"wp","href":"https:\/\/api.w.org\/{rel}","templated":true}]}}