{"id":161644,"date":"2020-06-03T17:26:51","date_gmt":"2020-06-03T20:26:51","guid":{"rendered":"https:\/\/diarioregionaldigital.com.br\/?p=161644"},"modified":"2020-06-03T17:26:51","modified_gmt":"2020-06-03T20:26:51","slug":"sds-instala-pontos-de-agua-em-mais-quatro-pracas","status":"publish","type":"post","link":"https:\/\/diarioregionaldigital.com.br\/?p=161644","title":{"rendered":"SDS instala pontos de \u00e1gua em mais quatro pra\u00e7as"},"content":{"rendered":"<p>A Secretaria de Desenvolvimento Social (SDS) da Prefeitura de Juiz de Fora (PJF) instalou pontos de \u00e1gua em regi\u00f5es estrat\u00e9gicas da cidade, como as pra\u00e7as Geremias Garcia, Santa Luzia, Manoel Hon\u00f3rio e da Rep\u00fablica. Al\u00e9m destas, j\u00e1 foram instalados os mesmos equipamentos nas pra\u00e7as Ant\u00f4nio Carlos, Riachuelo e Teot\u00f4nio Vilela<\/p>\n<p>Junto a esta a\u00e7\u00e3o de preven\u00e7\u00e3o ao coronav\u00edrus, a SDS est\u00e1 distribuindo tamb\u00e9m kits com sabonete e duas m\u00e1scaras para a popula\u00e7\u00e3o em situa\u00e7\u00e3o de rua. A entrega desse material \u00e9 exclusiva para as pessoas que n\u00e3o frequentam os servi\u00e7os ofertados pelo Munic\u00edpio. A equipe da Abordagem Social \u00e9 a respons\u00e1vel pelo trabalho.<\/p>\n<p>Para a secret\u00e1ria Tammy Claret, da SDS, \u201co objetivo \u00e9 garantir a assist\u00eancia com orienta\u00e7\u00e3o, higieniza\u00e7\u00e3o e prote\u00e7\u00e3o destas pessoas que n\u00e3o aderem aos nossos servi\u00e7os. Estamos cuidando dos que est\u00e3o dentro dos nossos acolhimentos e tamb\u00e9m daqueles que est\u00e3o nas ruas\u201d.<\/p>\n<p>&nbsp;<\/p>\n<p><strong>Fonte:\u00a0<\/strong>Assessoria<\/p>\n","protected":false},"excerpt":{"rendered":"<p>A Secretaria de Desenvolvimento Social (SDS) da Prefeitura de Juiz de Fora (PJF) instalou pontos de \u00e1gua em regi\u00f5es estrat\u00e9gicas da cidade, como as pra\u00e7as Geremias Garcia, Santa Luzia, Manoel Hon\u00f3rio e da Rep\u00fablica. Al\u00e9m destas, j\u00e1 foram instalados os mesmos equipamentos nas pra\u00e7as Ant\u00f4nio Carlos, Riachuelo e Teot\u00f4nio Vilela Junto a esta a\u00e7\u00e3o de [&hellip;]<\/p>\n","protected":false},"author":96,"featured_media":161645,"comment_status":"closed","ping_status":"closed","sticky":false,"template":"","format":"standard","meta":{"footnotes":""},"categories":[253,436,439],"tags":[],"class_list":["post-161644","post","type-post","status-publish","format-standard","has-post-thumbnail","hentry","category-cidade","category-destaque-da-semana","category-ultima-hora"],"_links":{"self":[{"href":"https:\/\/diarioregionaldigital.com.br\/index.php?rest_route=\/wp\/v2\/posts\/161644","targetHints":{"allow":["GET"]}}],"collection":[{"href":"https:\/\/diarioregionaldigital.com.br\/index.php?rest_route=\/wp\/v2\/posts"}],"about":[{"href":"https:\/\/diarioregionaldigital.com.br\/index.php?rest_route=\/wp\/v2\/types\/post"}],"author":[{"embeddable":true,"href":"https:\/\/diarioregionaldigital.com.br\/index.php?rest_route=\/wp\/v2\/users\/96"}],"replies":[{"embeddable":true,"href":"https:\/\/diarioregionaldigital.com.br\/index.php?rest_route=%2Fwp%2Fv2%2Fcomments&post=161644"}],"version-history":[{"count":0,"href":"https:\/\/diarioregionaldigital.com.br\/index.php?rest_route=\/wp\/v2\/posts\/161644\/revisions"}],"wp:featuredmedia":[{"embeddable":true,"href":"https:\/\/diarioregionaldigital.com.br\/index.php?rest_route=\/wp\/v2\/media\/161645"}],"wp:attachment":[{"href":"https:\/\/diarioregionaldigital.com.br\/index.php?rest_route=%2Fwp%2Fv2%2Fmedia&parent=161644"}],"wp:term":[{"taxonomy":"category","embeddable":true,"href":"https:\/\/diarioregionaldigital.com.br\/index.php?rest_route=%2Fwp%2Fv2%2Fcategories&post=161644"},{"taxonomy":"post_tag","embeddable":true,"href":"https:\/\/diarioregionaldigital.com.br\/index.php?rest_route=%2Fwp%2Fv2%2Ftags&post=161644"}],"curies":[{"name":"wp","href":"https:\/\/api.w.org\/{rel}","templated":true}]}}