{"id":161641,"date":"2020-06-03T17:25:21","date_gmt":"2020-06-03T20:25:21","guid":{"rendered":"https:\/\/diarioregionaldigital.com.br\/?p=161641"},"modified":"2020-06-03T17:25:21","modified_gmt":"2020-06-03T20:25:21","slug":"comboio-de-prevencao-ao-coronavirus-atua-no-centro-de-juiz-de-fora","status":"publish","type":"post","link":"https:\/\/diarioregionaldigital.com.br\/?p=161641","title":{"rendered":"Comboio de preven\u00e7\u00e3o ao Coronav\u00edrus atua no Centro de Juiz de Fora"},"content":{"rendered":"<p><span style=\"font-weight: 400;\">O comboio de a\u00e7\u00f5es preventivas e fiscalizadoras, relativas ao combate ao coronav\u00edrus, realizou seus trabalhos na manh\u00e3 de ter\u00e7a-feira (2), no Centro de Juiz de Fora, com o intuito de orientar a popula\u00e7\u00e3o sobre o tema, incluindo o cumprimento do Decreto 13.959, que regula o funcionamento do com\u00e9rcio.<\/span><\/p>\n<p><span style=\"font-weight: 400;\">As equipes iniciaram os trabalhos percorrendo as principais avenidas da cidade, com mensagem sonora de alerta \u00e0 popula\u00e7\u00e3o sobre os cuidados para evitar a prolifera\u00e7\u00e3o do Covid-19. Logo em seguida, as equipes desembarcaram na Pra\u00e7a da Esta\u00e7\u00e3o e os agentes de transporte e tr\u00e2nsito estiveram no ponto de \u00f4nibus da Rua Francisco Bernardino, fiscalizando o cumprimento do uso de m\u00e1scaras no transporte coletivo urbano, entregando material informativo, conscientizando sobre a norma e oferecendo m\u00e1scaras aos passageiros que n\u00e3o possu\u00edam o material.\u00a0<\/span><\/p>\n<p><span style=\"font-weight: 400;\">Al\u00e9m dos trabalhos de conscientiza\u00e7\u00e3o sobre a import\u00e2ncia do combate ao Coronav\u00edrus, foi feito tamb\u00e9m o processo de descontamina\u00e7\u00e3o em todos os equipamentos p\u00fablicos da Pra\u00e7a da Esta\u00e7\u00e3o e no ponto de \u00f4nibus pelos servidores do Departamento Municipal de Limpeza Urbana (Demlurb).\u00a0<\/span><\/p>\n<p><span style=\"font-weight: 400;\">Esta \u00e9 a 21\u00aa edi\u00e7\u00e3o da a\u00e7\u00e3o, que teve in\u00edcio em 18 de maio. Durante toda a semana, o trabalho segue em pontos definidos pela coordena\u00e7\u00e3o do comboio &#8220;Da Vida, Pela Vida&#8221;. A escolha dos locais a serem visitados se baseia nas den\u00fancias recebidas pela Guarda Municipal e Secretaria de Meio Ambiente e Ordenamento Urbano (Semaur), quanto ao descumprimento das medidas de isolamento e \u00e0s regras de funcionamento do com\u00e9rcio. A partir desta semana, o comboio contar\u00e1 com a participa\u00e7\u00e3o da Defesa Civil.<\/span><\/p>\n","protected":false},"excerpt":{"rendered":"<p>O comboio de a\u00e7\u00f5es preventivas e fiscalizadoras, relativas ao combate ao coronav\u00edrus, realizou seus trabalhos na manh\u00e3 de ter\u00e7a-feira (2), no Centro de Juiz de Fora, com o intuito de orientar a popula\u00e7\u00e3o sobre o tema, incluindo o cumprimento do Decreto 13.959, que regula o funcionamento do com\u00e9rcio. As equipes iniciaram os trabalhos percorrendo as [&hellip;]<\/p>\n","protected":false},"author":96,"featured_media":161642,"comment_status":"closed","ping_status":"closed","sticky":false,"template":"","format":"standard","meta":{"footnotes":""},"categories":[253,436,439],"tags":[],"class_list":["post-161641","post","type-post","status-publish","format-standard","has-post-thumbnail","hentry","category-cidade","category-destaque-da-semana","category-ultima-hora"],"_links":{"self":[{"href":"https:\/\/diarioregionaldigital.com.br\/index.php?rest_route=\/wp\/v2\/posts\/161641","targetHints":{"allow":["GET"]}}],"collection":[{"href":"https:\/\/diarioregionaldigital.com.br\/index.php?rest_route=\/wp\/v2\/posts"}],"about":[{"href":"https:\/\/diarioregionaldigital.com.br\/index.php?rest_route=\/wp\/v2\/types\/post"}],"author":[{"embeddable":true,"href":"https:\/\/diarioregionaldigital.com.br\/index.php?rest_route=\/wp\/v2\/users\/96"}],"replies":[{"embeddable":true,"href":"https:\/\/diarioregionaldigital.com.br\/index.php?rest_route=%2Fwp%2Fv2%2Fcomments&post=161641"}],"version-history":[{"count":0,"href":"https:\/\/diarioregionaldigital.com.br\/index.php?rest_route=\/wp\/v2\/posts\/161641\/revisions"}],"wp:featuredmedia":[{"embeddable":true,"href":"https:\/\/diarioregionaldigital.com.br\/index.php?rest_route=\/wp\/v2\/media\/161642"}],"wp:attachment":[{"href":"https:\/\/diarioregionaldigital.com.br\/index.php?rest_route=%2Fwp%2Fv2%2Fmedia&parent=161641"}],"wp:term":[{"taxonomy":"category","embeddable":true,"href":"https:\/\/diarioregionaldigital.com.br\/index.php?rest_route=%2Fwp%2Fv2%2Fcategories&post=161641"},{"taxonomy":"post_tag","embeddable":true,"href":"https:\/\/diarioregionaldigital.com.br\/index.php?rest_route=%2Fwp%2Fv2%2Ftags&post=161641"}],"curies":[{"name":"wp","href":"https:\/\/api.w.org\/{rel}","templated":true}]}}