{"id":161632,"date":"2020-06-03T15:43:17","date_gmt":"2020-06-03T18:43:17","guid":{"rendered":"https:\/\/diarioregionaldigital.com.br\/?p=161632"},"modified":"2020-06-03T15:43:17","modified_gmt":"2020-06-03T18:43:17","slug":"marco-aurelio-cunha-deixa-coordenacao-das-selecoes-femininas","status":"publish","type":"post","link":"https:\/\/diarioregionaldigital.com.br\/?p=161632","title":{"rendered":"Marco Aur\u00e9lio Cunha deixa Coordena\u00e7\u00e3o das Sele\u00e7\u00f5es Femininas"},"content":{"rendered":"<p><span style=\"font-weight: 400;\">Ap\u00f3s cinco anos, Marco Aur\u00e9lio Cunha deixa a Coordena\u00e7\u00e3o das Sele\u00e7\u00f5es Brasileiras Femininas. A sa\u00edda ocorre em comum acordo entre a CBF e o dirigente, que teve fundamental atua\u00e7\u00e3o na reestrutura\u00e7\u00e3o e consolida\u00e7\u00e3o da Sele\u00e7\u00e3o e do futebol feminino no pa\u00eds.<\/span><\/p>\n<p><span style=\"font-weight: 400;\">Sob sua coordena\u00e7\u00e3o, as Sele\u00e7\u00f5es Femininas conquistaram t\u00edtulos importantes. Pela Principal, ganhou a Medalha de Ouro nos Jogos Pan-Americanos Toronto 2015, o Torneio Internacional de Natal 2015, o Torneio Internacional de Manaus 2016, a Copa CFA da China 2017 e a Copa Am\u00e9rica do Chile 2018. J\u00e1 pela Base foram outros cinco t\u00edtulos: Sul-Americano Feminino Sub-20 2015, Sul-Americano Feminino Sub-20 2018, Sul-Americano Feminino Sub-17 2018, BRICS Games Sub-17 2018 e Liga Sul-Americana Feminina Sub-19 2019.<\/span><\/p>\n<p><span style=\"font-weight: 400;\">\u201cO Marco Aur\u00e9lio fez um trabalho admir\u00e1vel no desenvolvimento do futebol feminino, que hoje \u00e9 uma prioridade dentro da CBF. Fui testemunha de sua compet\u00eancia, dedica\u00e7\u00e3o e do seu comprometimento ao longo desses anos de conviv\u00eancia. Sabemos que o Marco tem outros projetos e entendemos conjuntamente que havia chegado o momento dele sair. Fica o meu agradecimento, com a certeza de que suas qualidades pessoais e profissionais ficar\u00e3o marcadas na Sele\u00e7\u00e3o Brasileira Feminina\u201d afirma Rog\u00e9rio Caboclo, Presidente da CBF.<\/span><\/p>\n<p><span style=\"font-weight: 400;\">Em v\u00eddeo, Marco Aur\u00e9lio Cunha fez quest\u00e3o de agradecer aos cincos ano de trabalho na CBF e deixou uma mensagem a todos que estiveram com ele nessa caminhada.<\/span><\/p>\n<p><span style=\"font-weight: 400;\">\u201cForam cinco anos de CBF e futebol feminino, in\u00fameros torneios, viagens, Olimp\u00edada, Jogos Pan-Americanos, Mundiais, estou muito grato por todas essas experi\u00eancias. Para as jogadoras, comiss\u00f5es t\u00e9cnicas e colegas de trabalho, queria do fundo do meu cora\u00e7\u00e3o agradecer por esse conv\u00edvio\u201d ressaltou Marco Aur\u00e9lio Cunha. <\/span><\/p>\n<p>&nbsp;<\/p>\n<p><strong>Fonte:<\/strong> CBF<\/p>\n","protected":false},"excerpt":{"rendered":"<p>Ap\u00f3s cinco anos, Marco Aur\u00e9lio Cunha deixa a Coordena\u00e7\u00e3o das Sele\u00e7\u00f5es Brasileiras Femininas. A sa\u00edda ocorre em comum acordo entre a CBF e o dirigente, que teve fundamental atua\u00e7\u00e3o na reestrutura\u00e7\u00e3o e consolida\u00e7\u00e3o da Sele\u00e7\u00e3o e do futebol feminino no pa\u00eds. Sob sua coordena\u00e7\u00e3o, as Sele\u00e7\u00f5es Femininas conquistaram t\u00edtulos importantes. Pela Principal, ganhou a Medalha [&hellip;]<\/p>\n","protected":false},"author":96,"featured_media":161633,"comment_status":"closed","ping_status":"closed","sticky":false,"template":"","format":"standard","meta":{"footnotes":""},"categories":[436,257,439],"tags":[],"class_list":["post-161632","post","type-post","status-publish","format-standard","has-post-thumbnail","hentry","category-destaque-da-semana","category-esporte","category-ultima-hora"],"_links":{"self":[{"href":"https:\/\/diarioregionaldigital.com.br\/index.php?rest_route=\/wp\/v2\/posts\/161632","targetHints":{"allow":["GET"]}}],"collection":[{"href":"https:\/\/diarioregionaldigital.com.br\/index.php?rest_route=\/wp\/v2\/posts"}],"about":[{"href":"https:\/\/diarioregionaldigital.com.br\/index.php?rest_route=\/wp\/v2\/types\/post"}],"author":[{"embeddable":true,"href":"https:\/\/diarioregionaldigital.com.br\/index.php?rest_route=\/wp\/v2\/users\/96"}],"replies":[{"embeddable":true,"href":"https:\/\/diarioregionaldigital.com.br\/index.php?rest_route=%2Fwp%2Fv2%2Fcomments&post=161632"}],"version-history":[{"count":0,"href":"https:\/\/diarioregionaldigital.com.br\/index.php?rest_route=\/wp\/v2\/posts\/161632\/revisions"}],"wp:featuredmedia":[{"embeddable":true,"href":"https:\/\/diarioregionaldigital.com.br\/index.php?rest_route=\/wp\/v2\/media\/161633"}],"wp:attachment":[{"href":"https:\/\/diarioregionaldigital.com.br\/index.php?rest_route=%2Fwp%2Fv2%2Fmedia&parent=161632"}],"wp:term":[{"taxonomy":"category","embeddable":true,"href":"https:\/\/diarioregionaldigital.com.br\/index.php?rest_route=%2Fwp%2Fv2%2Fcategories&post=161632"},{"taxonomy":"post_tag","embeddable":true,"href":"https:\/\/diarioregionaldigital.com.br\/index.php?rest_route=%2Fwp%2Fv2%2Ftags&post=161632"}],"curies":[{"name":"wp","href":"https:\/\/api.w.org\/{rel}","templated":true}]}}