{"id":161625,"date":"2020-06-03T15:01:38","date_gmt":"2020-06-03T18:01:38","guid":{"rendered":"https:\/\/diarioregionaldigital.com.br\/?p=161625"},"modified":"2020-06-03T15:01:38","modified_gmt":"2020-06-03T18:01:38","slug":"pre-olimpico-de-polo-aquatico-tem-nova-data","status":"publish","type":"post","link":"https:\/\/diarioregionaldigital.com.br\/?p=161625","title":{"rendered":"Pr\u00e9-ol\u00edmpico de polo aqu\u00e1tico tem nova data"},"content":{"rendered":"<p>&nbsp;<\/p>\n<p><span style=\"font-weight: 400;\">A Federa\u00e7\u00e3o Internacional de Nata\u00e7\u00e3o (FINA), anunciou que o Campeonato Pr\u00e9-Ol\u00edmpico de Polo Aqu\u00e1tico, tem nova data e ser\u00e1 realizado entre os dias 14 e 21 de fevereiro de 2021 na cidade de Roterd\u00e3 na Holanda. A competi\u00e7\u00e3o tinha sido adiada por conta da epidemia do Coronav\u00edrus.<\/span><\/p>\n<p><span style=\"font-weight: 400;\">A sele\u00e7\u00e3o brasileira de Polo Aqu\u00e1tico fazia sua prepara\u00e7\u00e3o na Europa, quando foi anunciada a suspens\u00e3o da competi\u00e7\u00e3o, que seria em mar\u00e7o deste ano. Na \u00faltima semana, o site da FINA chegou a colocar o Pr\u00e9-Ol\u00edmpico em dezembro de 2020, mas, na ter\u00e7a-feira (2), foi confirmado que seria realizado em fevereiro do pr\u00f3ximo ano.\u00a0<\/span><\/p>\n<p><span style=\"font-weight: 400;\">De acordo com o diretor de Polo Aqu\u00e1tico da Confedera\u00e7\u00e3o Brasileira de Desportos Aqu\u00e1ticos (CBDA), Jo\u00e3o Santos, a mudan\u00e7a foi considerada positiva para que os atletas brasileiros tenham tempo para retornar \u00e0s atividades em seguran\u00e7a e fa\u00e7am o treinamento adequado para disputar uma vaga em T\u00f3quio 2020.<\/span><\/p>\n<p><span style=\"font-weight: 400;\">&#8220;Considero muito positiva em v\u00e1rios aspectos. Para dezembro, o Brasil estaria em desvantagem, j\u00e1 que a Europa est\u00e1 abrindo antes. Nosso tempo de treino n\u00e3o seria adequado, sobretudo pelo fato dos atletas estarem muito tempo parados. O tempo de treinamento precisaria ser maior. Para fevereiro, a gente consegue ter mais f\u00f4lego e mais condi\u00e7\u00f5es de se equiparar \u00e0s sele\u00e7\u00f5es que vamos ter que enfrentar&#8221;, explicou.<\/span><\/p>\n<p><span style=\"font-weight: 400;\">Anteriormente, a FINA havia adiado o Campeonato Mundial de Piscina Curta e tamb\u00e9m <\/span><span style=\"font-weight: 400;\">o per\u00edodo de realiza\u00e7\u00e3o do Campeonato Mundial de Esportes Aqu\u00e1ticos de Fukuoka e os Pr\u00e9-Ol\u00edmpicos de Nado Art\u00edstico, Saltos Ornamentais e Maratonas Aqu\u00e1ticas.<\/span><\/p>\n<p>&nbsp;<\/p>\n","protected":false},"excerpt":{"rendered":"<p>&nbsp; A Federa\u00e7\u00e3o Internacional de Nata\u00e7\u00e3o (FINA), anunciou que o Campeonato Pr\u00e9-Ol\u00edmpico de Polo Aqu\u00e1tico, tem nova data e ser\u00e1 realizado entre os dias 14 e 21 de fevereiro de 2021 na cidade de Roterd\u00e3 na Holanda. A competi\u00e7\u00e3o tinha sido adiada por conta da epidemia do Coronav\u00edrus. A sele\u00e7\u00e3o brasileira de Polo Aqu\u00e1tico fazia [&hellip;]<\/p>\n","protected":false},"author":96,"featured_media":161626,"comment_status":"closed","ping_status":"closed","sticky":false,"template":"","format":"standard","meta":{"footnotes":""},"categories":[436,257,439],"tags":[],"class_list":["post-161625","post","type-post","status-publish","format-standard","has-post-thumbnail","hentry","category-destaque-da-semana","category-esporte","category-ultima-hora"],"_links":{"self":[{"href":"https:\/\/diarioregionaldigital.com.br\/index.php?rest_route=\/wp\/v2\/posts\/161625","targetHints":{"allow":["GET"]}}],"collection":[{"href":"https:\/\/diarioregionaldigital.com.br\/index.php?rest_route=\/wp\/v2\/posts"}],"about":[{"href":"https:\/\/diarioregionaldigital.com.br\/index.php?rest_route=\/wp\/v2\/types\/post"}],"author":[{"embeddable":true,"href":"https:\/\/diarioregionaldigital.com.br\/index.php?rest_route=\/wp\/v2\/users\/96"}],"replies":[{"embeddable":true,"href":"https:\/\/diarioregionaldigital.com.br\/index.php?rest_route=%2Fwp%2Fv2%2Fcomments&post=161625"}],"version-history":[{"count":0,"href":"https:\/\/diarioregionaldigital.com.br\/index.php?rest_route=\/wp\/v2\/posts\/161625\/revisions"}],"wp:featuredmedia":[{"embeddable":true,"href":"https:\/\/diarioregionaldigital.com.br\/index.php?rest_route=\/wp\/v2\/media\/161626"}],"wp:attachment":[{"href":"https:\/\/diarioregionaldigital.com.br\/index.php?rest_route=%2Fwp%2Fv2%2Fmedia&parent=161625"}],"wp:term":[{"taxonomy":"category","embeddable":true,"href":"https:\/\/diarioregionaldigital.com.br\/index.php?rest_route=%2Fwp%2Fv2%2Fcategories&post=161625"},{"taxonomy":"post_tag","embeddable":true,"href":"https:\/\/diarioregionaldigital.com.br\/index.php?rest_route=%2Fwp%2Fv2%2Ftags&post=161625"}],"curies":[{"name":"wp","href":"https:\/\/api.w.org\/{rel}","templated":true}]}}