{"id":161622,"date":"2020-06-03T14:31:47","date_gmt":"2020-06-03T17:31:47","guid":{"rendered":"https:\/\/diarioregionaldigital.com.br\/?p=161622"},"modified":"2020-06-03T14:31:47","modified_gmt":"2020-06-03T17:31:47","slug":"flamengo-renova-com-tecnico-jorge-jesus-para-junho-de-2021","status":"publish","type":"post","link":"https:\/\/diarioregionaldigital.com.br\/?p=161622","title":{"rendered":"Flamengo renova com t\u00e9cnico Jorge Jesus para junho de 2021"},"content":{"rendered":"<p><span style=\"font-weight: 400;\">A diretoria do Flamengo em reuni\u00e3o junto com o t\u00e9cnico Jorge Jesus, chegaram a um consenso e renovaram o contrato do treinador portugu\u00eas para mais um ano. <\/span><span style=\"font-weight: 400;\">O treinador segue acompanhado de seis membros de sua comiss\u00e3o t\u00e9cnica particular.<\/span><\/p>\n<p><span style=\"font-weight: 400;\">O novo contrato ter\u00e1 v\u00ednculo at\u00e9 junho de 2021 e o acerto \u00e9 na casa dos 4 milh\u00f5es de euros por ano (aproximadamente R$ 23 milh\u00f5es), fora as premia\u00e7\u00f5es pelas recentes conquistas da Ta\u00e7a Libertadores e do Campeonato Brasileiro pelo rubro-negro carioca.<\/span><\/p>\n<p><span style=\"font-weight: 400;\">Al\u00e9m disso, tanto o clube quanto Jorge Jesus definiram que n\u00e3o haver\u00e1 congelamento do euro e que os pagamentos ser\u00e3o feitos conforme a cota\u00e7\u00e3o do dia. Atrav\u00e9s de sua conta oficial em uma rede social, o portugu\u00eas emitiu uma mensagem confirmando a renova\u00e7\u00e3o com o rubro-negro;<\/span><\/p>\n<p><span style=\"font-weight: 400;\">\u201cMeus representantes chegaram a um acordo hoje com diretoria do Flamengo para renova\u00e7\u00e3o de meu contrato por mais um ano. As minhas rela\u00e7\u00f5es de amizade com todos jogadores, estrutura do clube e Na\u00e7\u00e3o Rubro-Negra foram determinantes para tocar meu cora\u00e7\u00e3o e falaram mais alto em minha decis\u00e3o. Obrigado a todos pelo carinho, pelo reconhecimento e apoio ao nosso.\u201d<\/span><\/p>\n<p><span style=\"font-weight: 400;\">Jorge Jesus chegou ao Flamengo no dia 1\u00ba de junho de 2019 e desde ent\u00e3o, esteve no comando em 51 jogos, obtendo 38 vit\u00f3rias, 9 empates e 4 derrotas. Al\u00e9m disso, conquistou a Libertadores, Campeonato Brasileiro, Recopa Sul-Americana, Supercopa do Brasil e a Ta\u00e7a Guanabara.<\/span><\/p>\n","protected":false},"excerpt":{"rendered":"<p>A diretoria do Flamengo em reuni\u00e3o junto com o t\u00e9cnico Jorge Jesus, chegaram a um consenso e renovaram o contrato do treinador portugu\u00eas para mais um ano. O treinador segue acompanhado de seis membros de sua comiss\u00e3o t\u00e9cnica particular. O novo contrato ter\u00e1 v\u00ednculo at\u00e9 junho de 2021 e o acerto \u00e9 na casa dos [&hellip;]<\/p>\n","protected":false},"author":96,"featured_media":161623,"comment_status":"closed","ping_status":"closed","sticky":false,"template":"","format":"standard","meta":{"footnotes":""},"categories":[436,257,439],"tags":[],"class_list":["post-161622","post","type-post","status-publish","format-standard","has-post-thumbnail","hentry","category-destaque-da-semana","category-esporte","category-ultima-hora"],"_links":{"self":[{"href":"https:\/\/diarioregionaldigital.com.br\/index.php?rest_route=\/wp\/v2\/posts\/161622","targetHints":{"allow":["GET"]}}],"collection":[{"href":"https:\/\/diarioregionaldigital.com.br\/index.php?rest_route=\/wp\/v2\/posts"}],"about":[{"href":"https:\/\/diarioregionaldigital.com.br\/index.php?rest_route=\/wp\/v2\/types\/post"}],"author":[{"embeddable":true,"href":"https:\/\/diarioregionaldigital.com.br\/index.php?rest_route=\/wp\/v2\/users\/96"}],"replies":[{"embeddable":true,"href":"https:\/\/diarioregionaldigital.com.br\/index.php?rest_route=%2Fwp%2Fv2%2Fcomments&post=161622"}],"version-history":[{"count":0,"href":"https:\/\/diarioregionaldigital.com.br\/index.php?rest_route=\/wp\/v2\/posts\/161622\/revisions"}],"wp:featuredmedia":[{"embeddable":true,"href":"https:\/\/diarioregionaldigital.com.br\/index.php?rest_route=\/wp\/v2\/media\/161623"}],"wp:attachment":[{"href":"https:\/\/diarioregionaldigital.com.br\/index.php?rest_route=%2Fwp%2Fv2%2Fmedia&parent=161622"}],"wp:term":[{"taxonomy":"category","embeddable":true,"href":"https:\/\/diarioregionaldigital.com.br\/index.php?rest_route=%2Fwp%2Fv2%2Fcategories&post=161622"},{"taxonomy":"post_tag","embeddable":true,"href":"https:\/\/diarioregionaldigital.com.br\/index.php?rest_route=%2Fwp%2Fv2%2Ftags&post=161622"}],"curies":[{"name":"wp","href":"https:\/\/api.w.org\/{rel}","templated":true}]}}