{"id":161619,"date":"2020-06-03T14:12:06","date_gmt":"2020-06-03T17:12:06","guid":{"rendered":"https:\/\/diarioregionaldigital.com.br\/?p=161619"},"modified":"2020-06-03T14:12:06","modified_gmt":"2020-06-03T17:12:06","slug":"parceria-entre-ufjf-e-prefeitura-distribui-mais-de-32-mil-kg-de-alcool-gel-70","status":"publish","type":"post","link":"https:\/\/diarioregionaldigital.com.br\/?p=161619","title":{"rendered":"Parceria entre UFJF e Prefeitura distribui mais de 3,2 mil kg de \u00e1lcool gel 70"},"content":{"rendered":"<p>A Farm\u00e1cia Universit\u00e1ria e o Departamento de Qu\u00edmica do Instituto de Ci\u00eancias Exatas (ICE) da Universidade Federal de Juiz de Fora (UFJF) promovem, nesta quarta, 3, a entrega do \u00faltimo lote de \u00e1lcool gel 70 para a Prefeitura de Juiz de Fora (PJF).<\/p>\n<p>As doa\u00e7\u00f5es s\u00e3o fruto da parceria firmada, no dia 17 de abril, entre Universidade e PJF, que recebeu doa\u00e7\u00f5es de insumos feitas por uma rede colaborativa de empres\u00e1rios do munic\u00edpio. Com a entrega do \u00faltimo lote, de 42 gal\u00f5es (aproximadamente 200 kg), a iniciativa soma mais de 3.200 kg de \u00e1lcool gel 70, distribu\u00eddos semanalmente entre as unidades b\u00e1sicas de Sa\u00fade (UBS\u2019s) de Juiz de Fora.<\/p>\n<p>\u201cFinalizamos uma etapa importante do nosso trabalho em rela\u00e7\u00e3o ao compromisso com a Prefeitura e em tentar apoiar o munic\u00edpio no combate \u00e0 pandemia. A produ\u00e7\u00e3o se iniciou em meados de abril e, para n\u00f3s, \u00e9 uma satisfa\u00e7\u00e3o muito grande termos empenhado esfor\u00e7os para atender \u00e0s demandas da sociedade, ressalta o diretor da Faculdade de Farm\u00e1cia da UFJF, Marcelo Silv\u00e9rio.<\/p>\n<p><b>Polo<br \/>\n<\/b>Desde o in\u00edcio da pandemia de Covid-19, a Farm\u00e1cia Universit\u00e1ria da UFJF tem atuado como um dos polos de produ\u00e7\u00e3o e distribui\u00e7\u00e3o de \u00e1lcool gel 70 para os servi\u00e7os de sa\u00fade da regi\u00e3o, beneficiando institui\u00e7\u00f5es como Hospital Universit\u00e1rio (HU-UFJF), Hemominas e Servi\u00e7o de Atendimento M\u00f3vel de Urg\u00eancia (Samu). Nesta produ\u00e7\u00e3o, al\u00e9m dos profissionais ligados \u00e0 Farm\u00e1cia Universit\u00e1ria, est\u00e3o envolvidos pesquisadores e t\u00e9cnico-administrativos em educa\u00e7\u00e3o da Faculdade de Farm\u00e1cia e do Departamento de Qu\u00edmica do ICE.<\/p>\n<p>J\u00e1 o Departamento de Bioqu\u00edmica do Instituto de Ci\u00eancias Biol\u00f3gicas (ICB) da UFJF recebeu a doa\u00e7\u00e3o de mil litros de \u00e1lcool a 96% GL, da BR Distribuidora. Desde ent\u00e3o, equipes compostas por docentes e t\u00e9cnico-administrativos em Educa\u00e7\u00e3o (TAEs) trabalham em dois laborat\u00f3rios para diluir e distribuir \u00e1lcool 70 a partir dos insumos doados.<\/p>\n<p>At\u00e9 o momento, a iniciativa j\u00e1 transformou 400 litros de \u00e1lcool 70, sendo que metade foi distribu\u00edda para o Samu, que o utiliza para a higieniza\u00e7\u00e3o dos ve\u00edculos que transportam pacientes, e a outra metade foi doada para a Pol\u00edcia Militar (PM).<\/p>\n<p>&nbsp;<\/p>\n<p><strong>Fonte:\u00a0<\/strong>Assessoria<\/p>\n","protected":false},"excerpt":{"rendered":"<p>A Farm\u00e1cia Universit\u00e1ria e o Departamento de Qu\u00edmica do Instituto de Ci\u00eancias Exatas (ICE) da Universidade Federal de Juiz de Fora (UFJF) promovem, nesta quarta, 3, a entrega do \u00faltimo lote de \u00e1lcool gel 70 para a Prefeitura de Juiz de Fora (PJF). As doa\u00e7\u00f5es s\u00e3o fruto da parceria firmada, no dia 17 de abril, [&hellip;]<\/p>\n","protected":false},"author":96,"featured_media":161620,"comment_status":"closed","ping_status":"closed","sticky":false,"template":"","format":"standard","meta":{"footnotes":""},"categories":[253,436,439],"tags":[],"class_list":["post-161619","post","type-post","status-publish","format-standard","has-post-thumbnail","hentry","category-cidade","category-destaque-da-semana","category-ultima-hora"],"_links":{"self":[{"href":"https:\/\/diarioregionaldigital.com.br\/index.php?rest_route=\/wp\/v2\/posts\/161619","targetHints":{"allow":["GET"]}}],"collection":[{"href":"https:\/\/diarioregionaldigital.com.br\/index.php?rest_route=\/wp\/v2\/posts"}],"about":[{"href":"https:\/\/diarioregionaldigital.com.br\/index.php?rest_route=\/wp\/v2\/types\/post"}],"author":[{"embeddable":true,"href":"https:\/\/diarioregionaldigital.com.br\/index.php?rest_route=\/wp\/v2\/users\/96"}],"replies":[{"embeddable":true,"href":"https:\/\/diarioregionaldigital.com.br\/index.php?rest_route=%2Fwp%2Fv2%2Fcomments&post=161619"}],"version-history":[{"count":0,"href":"https:\/\/diarioregionaldigital.com.br\/index.php?rest_route=\/wp\/v2\/posts\/161619\/revisions"}],"wp:featuredmedia":[{"embeddable":true,"href":"https:\/\/diarioregionaldigital.com.br\/index.php?rest_route=\/wp\/v2\/media\/161620"}],"wp:attachment":[{"href":"https:\/\/diarioregionaldigital.com.br\/index.php?rest_route=%2Fwp%2Fv2%2Fmedia&parent=161619"}],"wp:term":[{"taxonomy":"category","embeddable":true,"href":"https:\/\/diarioregionaldigital.com.br\/index.php?rest_route=%2Fwp%2Fv2%2Fcategories&post=161619"},{"taxonomy":"post_tag","embeddable":true,"href":"https:\/\/diarioregionaldigital.com.br\/index.php?rest_route=%2Fwp%2Fv2%2Ftags&post=161619"}],"curies":[{"name":"wp","href":"https:\/\/api.w.org\/{rel}","templated":true}]}}