{"id":161617,"date":"2020-06-03T14:00:21","date_gmt":"2020-06-03T17:00:21","guid":{"rendered":"https:\/\/diarioregionaldigital.com.br\/?p=161617"},"modified":"2020-06-03T14:00:21","modified_gmt":"2020-06-03T17:00:21","slug":"jovem-e-preso-por-porte-ilegal-de-arma-de-fogo-no-bairro-vila-alpina","status":"publish","type":"post","link":"https:\/\/diarioregionaldigital.com.br\/?p=161617","title":{"rendered":"Jovem \u00e9 preso por porte ilegal de arma de fogo no Bairro Vila Alpina"},"content":{"rendered":"<p>Durante opera\u00e7\u00e3o batida policial na tarde dessa ter\u00e7a-feira (2) no Bairro Vila Alpina (Regi\u00e3o Leste), a Pol\u00edcia Militar (PM) avistou dois indiv\u00edduos em atitude suspeita, que ao notarem a aproxima\u00e7\u00e3o da guarni\u00e7\u00e3o, fugiram do local. Um dos autores, 18 anos, foi abordado pelos policiais e durante a fuga, retirou de sua cintura um rev\u00f3lver calibre 38 com 6 muni\u00e7\u00f5es, jogando o mesmo em um terreno de uma resid\u00eancia, estando a arma carregada e pronta para uso. O jovem relatou que a arma pertencia ao comparsa de 16 anos.<\/p>\n<p>Com informa\u00e7\u00f5es em m\u00e3os, a guarni\u00e7\u00e3o compareceu ao endere\u00e7o do menor infrator e com a autoriza\u00e7\u00e3o dos moradores, foi realizada buscas no interior da resid\u00eancia e o adolescente foi encontrado. Ap\u00f3s uma varredura no local, foram encontrado quatro muni\u00e7\u00f5es calibre 38. Os autores foram presos em flagrante em delito e encaminhados para a Delegacia para devidas provid\u00eancias, junto com os materiais apreendidos.<\/p>\n","protected":false},"excerpt":{"rendered":"<p>Durante opera\u00e7\u00e3o batida policial na tarde dessa ter\u00e7a-feira (2) no Bairro Vila Alpina (Regi\u00e3o Leste), a Pol\u00edcia Militar (PM) avistou dois indiv\u00edduos em atitude suspeita, que ao notarem a aproxima\u00e7\u00e3o da guarni\u00e7\u00e3o, fugiram do local. Um dos autores, 18 anos, foi abordado pelos policiais e durante a fuga, retirou de sua cintura um rev\u00f3lver calibre [&hellip;]<\/p>\n","protected":false},"author":96,"featured_media":161269,"comment_status":"closed","ping_status":"closed","sticky":false,"template":"","format":"standard","meta":{"footnotes":""},"categories":[301,436,439],"tags":[],"class_list":["post-161617","post","type-post","status-publish","format-standard","has-post-thumbnail","hentry","category-artigos-policiais","category-destaque-da-semana","category-ultima-hora"],"_links":{"self":[{"href":"https:\/\/diarioregionaldigital.com.br\/index.php?rest_route=\/wp\/v2\/posts\/161617","targetHints":{"allow":["GET"]}}],"collection":[{"href":"https:\/\/diarioregionaldigital.com.br\/index.php?rest_route=\/wp\/v2\/posts"}],"about":[{"href":"https:\/\/diarioregionaldigital.com.br\/index.php?rest_route=\/wp\/v2\/types\/post"}],"author":[{"embeddable":true,"href":"https:\/\/diarioregionaldigital.com.br\/index.php?rest_route=\/wp\/v2\/users\/96"}],"replies":[{"embeddable":true,"href":"https:\/\/diarioregionaldigital.com.br\/index.php?rest_route=%2Fwp%2Fv2%2Fcomments&post=161617"}],"version-history":[{"count":0,"href":"https:\/\/diarioregionaldigital.com.br\/index.php?rest_route=\/wp\/v2\/posts\/161617\/revisions"}],"wp:featuredmedia":[{"embeddable":true,"href":"https:\/\/diarioregionaldigital.com.br\/index.php?rest_route=\/wp\/v2\/media\/161269"}],"wp:attachment":[{"href":"https:\/\/diarioregionaldigital.com.br\/index.php?rest_route=%2Fwp%2Fv2%2Fmedia&parent=161617"}],"wp:term":[{"taxonomy":"category","embeddable":true,"href":"https:\/\/diarioregionaldigital.com.br\/index.php?rest_route=%2Fwp%2Fv2%2Fcategories&post=161617"},{"taxonomy":"post_tag","embeddable":true,"href":"https:\/\/diarioregionaldigital.com.br\/index.php?rest_route=%2Fwp%2Fv2%2Ftags&post=161617"}],"curies":[{"name":"wp","href":"https:\/\/api.w.org\/{rel}","templated":true}]}}