{"id":161615,"date":"2020-06-03T13:53:39","date_gmt":"2020-06-03T16:53:39","guid":{"rendered":"https:\/\/diarioregionaldigital.com.br\/?p=161615"},"modified":"2020-06-03T13:53:39","modified_gmt":"2020-06-03T16:53:39","slug":"motorista-de-taxi-e-assaltado-em-corrida-no-vale-verde","status":"publish","type":"post","link":"https:\/\/diarioregionaldigital.com.br\/?p=161615","title":{"rendered":"Motorista de t\u00e1xi \u00e9 assaltado em corrida no Vale Verde"},"content":{"rendered":"<p>Um motorista de t\u00e1xi, 43 anos, recebeu solicita\u00e7\u00e3o de uma corrida de dois passageiros, para o Bairro Previdenci\u00e1rios (Regi\u00e3o Sul), na noite dessa ter\u00e7a-feira (2) em Juiz de Fora. A v\u00edtima relatou\u00a0 \u00e0 Pol\u00edcia Militar (PM)\u00a0 que ao aproximar do local, um dos autores lhe aplicou um mata le\u00e3o e o outro autor lhe deu um soco no rosto, anunciando o roubo, roubando a quantia de R$60,00 reais em dinheiro. Ap\u00f3s o ato, os infratores fugiram em dire\u00e7\u00e3o ao Bairro Jardim Umuarama. Os policiais realizaram rastreamento mas os autores n\u00e3o foram localizados.<\/p>\n","protected":false},"excerpt":{"rendered":"<p>Um motorista de t\u00e1xi, 43 anos, recebeu solicita\u00e7\u00e3o de uma corrida de dois passageiros, para o Bairro Previdenci\u00e1rios (Regi\u00e3o Sul), na noite dessa ter\u00e7a-feira (2) em Juiz de Fora. A v\u00edtima relatou\u00a0 \u00e0 Pol\u00edcia Militar (PM)\u00a0 que ao aproximar do local, um dos autores lhe aplicou um mata le\u00e3o e o outro autor lhe deu [&hellip;]<\/p>\n","protected":false},"author":96,"featured_media":161269,"comment_status":"closed","ping_status":"closed","sticky":false,"template":"","format":"standard","meta":{"footnotes":""},"categories":[301,436,439],"tags":[],"class_list":["post-161615","post","type-post","status-publish","format-standard","has-post-thumbnail","hentry","category-artigos-policiais","category-destaque-da-semana","category-ultima-hora"],"_links":{"self":[{"href":"https:\/\/diarioregionaldigital.com.br\/index.php?rest_route=\/wp\/v2\/posts\/161615","targetHints":{"allow":["GET"]}}],"collection":[{"href":"https:\/\/diarioregionaldigital.com.br\/index.php?rest_route=\/wp\/v2\/posts"}],"about":[{"href":"https:\/\/diarioregionaldigital.com.br\/index.php?rest_route=\/wp\/v2\/types\/post"}],"author":[{"embeddable":true,"href":"https:\/\/diarioregionaldigital.com.br\/index.php?rest_route=\/wp\/v2\/users\/96"}],"replies":[{"embeddable":true,"href":"https:\/\/diarioregionaldigital.com.br\/index.php?rest_route=%2Fwp%2Fv2%2Fcomments&post=161615"}],"version-history":[{"count":0,"href":"https:\/\/diarioregionaldigital.com.br\/index.php?rest_route=\/wp\/v2\/posts\/161615\/revisions"}],"wp:featuredmedia":[{"embeddable":true,"href":"https:\/\/diarioregionaldigital.com.br\/index.php?rest_route=\/wp\/v2\/media\/161269"}],"wp:attachment":[{"href":"https:\/\/diarioregionaldigital.com.br\/index.php?rest_route=%2Fwp%2Fv2%2Fmedia&parent=161615"}],"wp:term":[{"taxonomy":"category","embeddable":true,"href":"https:\/\/diarioregionaldigital.com.br\/index.php?rest_route=%2Fwp%2Fv2%2Fcategories&post=161615"},{"taxonomy":"post_tag","embeddable":true,"href":"https:\/\/diarioregionaldigital.com.br\/index.php?rest_route=%2Fwp%2Fv2%2Ftags&post=161615"}],"curies":[{"name":"wp","href":"https:\/\/api.w.org\/{rel}","templated":true}]}}