{"id":161613,"date":"2020-06-03T13:45:57","date_gmt":"2020-06-03T16:45:57","guid":{"rendered":"https:\/\/diarioregionaldigital.com.br\/?p=161613"},"modified":"2020-06-03T13:45:57","modified_gmt":"2020-06-03T16:45:57","slug":"pm-entra-em-confronto-durante-operacao-no-vila-esperanca-ii","status":"publish","type":"post","link":"https:\/\/diarioregionaldigital.com.br\/?p=161613","title":{"rendered":"PM entra em confronto durante opera\u00e7\u00e3o no Vila Esperan\u00e7a II"},"content":{"rendered":"<p>Durante a opera\u00e7\u00e3o batida policial, a Pol\u00edcia Militar (PM) realizava patrulhamento no Bairro Vila Esperan\u00e7a II (Regi\u00e3o Noroeste), com o intuito de combater o tr\u00e1fico de drogas no local e no final da opera\u00e7\u00e3o entrou em confronto com infratores no local. No in\u00edcio da opera\u00e7\u00e3o, as Guarni\u00e7\u00f5es receberam den\u00fancia de um tr\u00e1fico de drogas e com informa\u00e7\u00f5es em m\u00e3os, compareceram ao local de abordagem. Logo em seguida, os policiais perceberam que os autores, com idade entre 20 e 23 anos, estavam parados em via p\u00fablica, os quais fugiram para o interior de uma resid\u00eancia e teriam arremessado uma sacola pl\u00e1stica para outra casa vizinha.<\/p>\n<p>Os autores tentaram novamente fugir da guarni\u00e7\u00e3o policial, mas foram alcan\u00e7ados e presos em flagrante. Dando prosseguimento \u00e0s dilig\u00eancias, a PM encontrou a referida sacola pl\u00e1stica e em seu interior foi encontrado um revolver calibre 32 carregado com seis muni\u00e7\u00f5es intactas e com numera\u00e7\u00e3o raspada, quatro pinos de coca\u00edna, nove tabletes de maconha e a quantia de R$35,00 reais em dinheiro.\u00a0 Os policiais consultaram o sistema e foi constatado que dois autores tinham mandado de pris\u00e3o em aberto. Os autores foram presos em flagrante delito e conduzidos a Delegacia, juntamente com os materiais apreendidos.<\/p>\n<p>Apos a pris\u00e3o dos suspeitos e no instante em que os policiais saiam do local, depararam com as vias p\u00fablicas interditadas com a queima de v\u00e1rios objetos que impediam a passagem de pessoas e ve\u00edculos nestes locais. Com a chegada dos militares pr\u00f3ximo as barreiras, um grupo come\u00e7ou a arremessar pedras e garrafas de vidro na dire\u00e7\u00e3o dos militares, que para conter a agress\u00e3o, foi necess\u00e1rio a utiliza\u00e7\u00e3o de instrumentos de menor potencial de letalidade, para dispersar os manifestantes. O Corpo de Bombeiros esteve presente no local e obteve \u00eaxito em controlar o inc\u00eandio. Nenhum policial militar ou bombeiro militar se feriu durante a atua\u00e7\u00e3o.<\/p>\n","protected":false},"excerpt":{"rendered":"<p>Durante a opera\u00e7\u00e3o batida policial, a Pol\u00edcia Militar (PM) realizava patrulhamento no Bairro Vila Esperan\u00e7a II (Regi\u00e3o Noroeste), com o intuito de combater o tr\u00e1fico de drogas no local e no final da opera\u00e7\u00e3o entrou em confronto com infratores no local. No in\u00edcio da opera\u00e7\u00e3o, as Guarni\u00e7\u00f5es receberam den\u00fancia de um tr\u00e1fico de drogas e [&hellip;]<\/p>\n","protected":false},"author":96,"featured_media":161269,"comment_status":"closed","ping_status":"closed","sticky":false,"template":"","format":"standard","meta":{"footnotes":""},"categories":[301,436,439],"tags":[],"class_list":["post-161613","post","type-post","status-publish","format-standard","has-post-thumbnail","hentry","category-artigos-policiais","category-destaque-da-semana","category-ultima-hora"],"_links":{"self":[{"href":"https:\/\/diarioregionaldigital.com.br\/index.php?rest_route=\/wp\/v2\/posts\/161613","targetHints":{"allow":["GET"]}}],"collection":[{"href":"https:\/\/diarioregionaldigital.com.br\/index.php?rest_route=\/wp\/v2\/posts"}],"about":[{"href":"https:\/\/diarioregionaldigital.com.br\/index.php?rest_route=\/wp\/v2\/types\/post"}],"author":[{"embeddable":true,"href":"https:\/\/diarioregionaldigital.com.br\/index.php?rest_route=\/wp\/v2\/users\/96"}],"replies":[{"embeddable":true,"href":"https:\/\/diarioregionaldigital.com.br\/index.php?rest_route=%2Fwp%2Fv2%2Fcomments&post=161613"}],"version-history":[{"count":0,"href":"https:\/\/diarioregionaldigital.com.br\/index.php?rest_route=\/wp\/v2\/posts\/161613\/revisions"}],"wp:featuredmedia":[{"embeddable":true,"href":"https:\/\/diarioregionaldigital.com.br\/index.php?rest_route=\/wp\/v2\/media\/161269"}],"wp:attachment":[{"href":"https:\/\/diarioregionaldigital.com.br\/index.php?rest_route=%2Fwp%2Fv2%2Fmedia&parent=161613"}],"wp:term":[{"taxonomy":"category","embeddable":true,"href":"https:\/\/diarioregionaldigital.com.br\/index.php?rest_route=%2Fwp%2Fv2%2Fcategories&post=161613"},{"taxonomy":"post_tag","embeddable":true,"href":"https:\/\/diarioregionaldigital.com.br\/index.php?rest_route=%2Fwp%2Fv2%2Ftags&post=161613"}],"curies":[{"name":"wp","href":"https:\/\/api.w.org\/{rel}","templated":true}]}}