{"id":161611,"date":"2020-06-03T13:27:52","date_gmt":"2020-06-03T16:27:52","guid":{"rendered":"https:\/\/diarioregionaldigital.com.br\/?p=161611"},"modified":"2020-06-03T13:27:52","modified_gmt":"2020-06-03T16:27:52","slug":"homem-entra-em-luta-corporal-com-assaltante-no-centro-de-juiz-de-fora","status":"publish","type":"post","link":"https:\/\/diarioregionaldigital.com.br\/?p=161611","title":{"rendered":"Homem entra em luta corporal com assaltante no Centro de Juiz de Fora"},"content":{"rendered":"<p>Durante opera\u00e7\u00e3o batida policial realizada na noite de ter\u00e7a-feira (2), a Pol\u00edcia Militar (PM) avistou dois indiv\u00edduos em luta corporal, na Avenida Francisco Bernadino no Centro de Juiz de Fora. Os militares apartaram o confronto e constatar\u00e3o que se tratava de um roubo em andamento. A v\u00edtima, homem de 31 anos, relatou que o autor usando de for\u00e7a f\u00edsica, pegou sua carteira contendo R$450,00 em dinheiro. O autor, homem de 44 anos, foi submetido a busca pessoal e os policiais encontraram a carteira da v\u00edtima, contudo em seu interior havia R$100,00, valor inferior ao relatado pela v\u00edtima. O infrator foi preso e conduzido \u00e0 Delegacia para devidas provid\u00eancias.<\/p>\n","protected":false},"excerpt":{"rendered":"<p>Durante opera\u00e7\u00e3o batida policial realizada na noite de ter\u00e7a-feira (2), a Pol\u00edcia Militar (PM) avistou dois indiv\u00edduos em luta corporal, na Avenida Francisco Bernadino no Centro de Juiz de Fora. Os militares apartaram o confronto e constatar\u00e3o que se tratava de um roubo em andamento. A v\u00edtima, homem de 31 anos, relatou que o autor [&hellip;]<\/p>\n","protected":false},"author":96,"featured_media":161269,"comment_status":"closed","ping_status":"closed","sticky":false,"template":"","format":"standard","meta":{"footnotes":""},"categories":[301,436,439],"tags":[],"class_list":["post-161611","post","type-post","status-publish","format-standard","has-post-thumbnail","hentry","category-artigos-policiais","category-destaque-da-semana","category-ultima-hora"],"_links":{"self":[{"href":"https:\/\/diarioregionaldigital.com.br\/index.php?rest_route=\/wp\/v2\/posts\/161611","targetHints":{"allow":["GET"]}}],"collection":[{"href":"https:\/\/diarioregionaldigital.com.br\/index.php?rest_route=\/wp\/v2\/posts"}],"about":[{"href":"https:\/\/diarioregionaldigital.com.br\/index.php?rest_route=\/wp\/v2\/types\/post"}],"author":[{"embeddable":true,"href":"https:\/\/diarioregionaldigital.com.br\/index.php?rest_route=\/wp\/v2\/users\/96"}],"replies":[{"embeddable":true,"href":"https:\/\/diarioregionaldigital.com.br\/index.php?rest_route=%2Fwp%2Fv2%2Fcomments&post=161611"}],"version-history":[{"count":0,"href":"https:\/\/diarioregionaldigital.com.br\/index.php?rest_route=\/wp\/v2\/posts\/161611\/revisions"}],"wp:featuredmedia":[{"embeddable":true,"href":"https:\/\/diarioregionaldigital.com.br\/index.php?rest_route=\/wp\/v2\/media\/161269"}],"wp:attachment":[{"href":"https:\/\/diarioregionaldigital.com.br\/index.php?rest_route=%2Fwp%2Fv2%2Fmedia&parent=161611"}],"wp:term":[{"taxonomy":"category","embeddable":true,"href":"https:\/\/diarioregionaldigital.com.br\/index.php?rest_route=%2Fwp%2Fv2%2Fcategories&post=161611"},{"taxonomy":"post_tag","embeddable":true,"href":"https:\/\/diarioregionaldigital.com.br\/index.php?rest_route=%2Fwp%2Fv2%2Ftags&post=161611"}],"curies":[{"name":"wp","href":"https:\/\/api.w.org\/{rel}","templated":true}]}}