{"id":161608,"date":"2020-06-03T13:20:45","date_gmt":"2020-06-03T16:20:45","guid":{"rendered":"https:\/\/diarioregionaldigital.com.br\/?p=161608"},"modified":"2020-06-03T13:20:45","modified_gmt":"2020-06-03T16:20:45","slug":"pjf-anuncia-metodologia-para-pagamento-de-salario-dos-servidores-referente-a-maio","status":"publish","type":"post","link":"https:\/\/diarioregionaldigital.com.br\/?p=161608","title":{"rendered":"PJF anuncia metodologia para pagamento de sal\u00e1rio dos servidores referente a maio"},"content":{"rendered":"<p><span style=\"font-weight: 400;\">A pandemia provocada pelo novo coronav\u00edrus (covid-19) trouxe diversos impactos, inclusive na \u00e1rea financeira. O problema \u00e9 reflexo da paralisa\u00e7\u00e3o das atividades econ\u00f4micas consideradas n\u00e3o essenciais, em \u00e2mbito nacional, estadual e municipal.<\/span><\/p>\n<p><span style=\"font-weight: 400;\">Consequentemente, j\u00e1 em abril Juiz de Fora contabilizou queda na arrecada\u00e7\u00e3o, de 29,21%, em rela\u00e7\u00e3o ao que estava previsto, o que equivale a R$ 22 milh\u00f5es a menos na receita. A tend\u00eancia \u00e9 que este cen\u00e1rio se mantenha ou piore.<\/span><\/p>\n<p><span style=\"font-weight: 400;\">Diante disso, a Prefeitura de Juiz de Fora (PJF) est\u00e1 adotando s\u00e9rie de medidas, de forma a buscar garantir o pagamento de seus servidores, incluindo aposentados e pensionistas. O Munic\u00edpio tem realizado for\u00e7a tarefa, visando redu\u00e7\u00e3o e at\u00e9 suspens\u00e3o de contratos de servi\u00e7os, de forma a cortar despesas.<\/span><\/p>\n<p><span style=\"font-weight: 400;\">Em rela\u00e7\u00e3o a maio passado, o Munic\u00edpio est\u00e1 adotando metodologia, de forma a garantir o pagamento, diante da queda na arrecada\u00e7\u00e3o. A forma \u00e9 a seguinte:<\/span><\/p>\n<p><span style=\"font-weight: 400;\">&#8211; pagamento integral, no quinto dia \u00fatil de junho, dos servidores que est\u00e3o trabalhando diretamente na linha de frente no combate \u00e0 covid-19 (risco direto), e que fazem parte das secretarias de Sa\u00fade (SS), Transporte e Tr\u00e2nsito (Settra), Seguran\u00e7a Urbana e Cidadania (Sesuc), Desenvolvimento Social (SDS), Meio Ambiente e Ordenamento Urbano (Semaur) e departamentos de Limpeza Urbana (Demlurb) e Ambi\u00eancia Organizacional (Damor);<\/span><\/p>\n<p><span style=\"font-weight: 400;\">&#8211; pagamento integral, no quinto dia \u00fatil de junho, de todos os ativos, aposentados e pensionistas que recebem at\u00e9 R$ 2 mil l\u00edquidos;<\/span><\/p>\n<p><span style=\"font-weight: 400;\">&#8211; pagamento escalonado, de ativos, aposentados e pensionistas que recebem acima de R$ 2 mil l\u00edquidos, sendo 60% no quinto dia \u00fatil de junho e 40% ap\u00f3s o Munic\u00edpio receber o recurso emergencial do Governo federal, sendo resguardado que nenhum servidor receba menos de R$ 1.200 l\u00edquidos.<\/span><\/p>\n<p><span style=\"font-weight: 400;\">O contracheque \u00e9 \u00fanico e servir\u00e1 como base em rela\u00e7\u00e3o ao valor l\u00edquido total, escalonado ou n\u00e3o, que cada servidor receber\u00e1, referente a maio.<\/span><\/p>\n<p>&nbsp;<\/p>\n<p><strong>Fonte:<\/strong> Assessoria<\/p>\n","protected":false},"excerpt":{"rendered":"<p>A pandemia provocada pelo novo coronav\u00edrus (covid-19) trouxe diversos impactos, inclusive na \u00e1rea financeira. O problema \u00e9 reflexo da paralisa\u00e7\u00e3o das atividades econ\u00f4micas consideradas n\u00e3o essenciais, em \u00e2mbito nacional, estadual e municipal. Consequentemente, j\u00e1 em abril Juiz de Fora contabilizou queda na arrecada\u00e7\u00e3o, de 29,21%, em rela\u00e7\u00e3o ao que estava previsto, o que equivale a [&hellip;]<\/p>\n","protected":false},"author":96,"featured_media":161609,"comment_status":"closed","ping_status":"closed","sticky":false,"template":"","format":"standard","meta":{"footnotes":""},"categories":[253,436,439],"tags":[],"class_list":["post-161608","post","type-post","status-publish","format-standard","has-post-thumbnail","hentry","category-cidade","category-destaque-da-semana","category-ultima-hora"],"_links":{"self":[{"href":"https:\/\/diarioregionaldigital.com.br\/index.php?rest_route=\/wp\/v2\/posts\/161608","targetHints":{"allow":["GET"]}}],"collection":[{"href":"https:\/\/diarioregionaldigital.com.br\/index.php?rest_route=\/wp\/v2\/posts"}],"about":[{"href":"https:\/\/diarioregionaldigital.com.br\/index.php?rest_route=\/wp\/v2\/types\/post"}],"author":[{"embeddable":true,"href":"https:\/\/diarioregionaldigital.com.br\/index.php?rest_route=\/wp\/v2\/users\/96"}],"replies":[{"embeddable":true,"href":"https:\/\/diarioregionaldigital.com.br\/index.php?rest_route=%2Fwp%2Fv2%2Fcomments&post=161608"}],"version-history":[{"count":0,"href":"https:\/\/diarioregionaldigital.com.br\/index.php?rest_route=\/wp\/v2\/posts\/161608\/revisions"}],"wp:featuredmedia":[{"embeddable":true,"href":"https:\/\/diarioregionaldigital.com.br\/index.php?rest_route=\/wp\/v2\/media\/161609"}],"wp:attachment":[{"href":"https:\/\/diarioregionaldigital.com.br\/index.php?rest_route=%2Fwp%2Fv2%2Fmedia&parent=161608"}],"wp:term":[{"taxonomy":"category","embeddable":true,"href":"https:\/\/diarioregionaldigital.com.br\/index.php?rest_route=%2Fwp%2Fv2%2Fcategories&post=161608"},{"taxonomy":"post_tag","embeddable":true,"href":"https:\/\/diarioregionaldigital.com.br\/index.php?rest_route=%2Fwp%2Fv2%2Ftags&post=161608"}],"curies":[{"name":"wp","href":"https:\/\/api.w.org\/{rel}","templated":true}]}}