{"id":161602,"date":"2020-06-03T11:13:34","date_gmt":"2020-06-03T14:13:34","guid":{"rendered":"https:\/\/diarioregionaldigital.com.br\/?p=161602"},"modified":"2020-06-03T11:13:34","modified_gmt":"2020-06-03T14:13:34","slug":"aberto-credito-suplementar-de-r-343-bi-para-pagamento-de-despesas-em-2020","status":"publish","type":"post","link":"https:\/\/diarioregionaldigital.com.br\/?p=161602","title":{"rendered":"Aberto cr\u00e9dito suplementar de R$ 343 bi para pagamento de despesas em 2020"},"content":{"rendered":"<p><span style=\"font-weight: 400;\">O governo federal publicou mais uma abertura de cr\u00e9dito suplementar ao Or\u00e7amento da Uni\u00e3o. Desta vez, de R$ 343,6 bilh\u00f5es, para quitar despesas correntes por meio de endividamento em t\u00edtulos p\u00fablicos. A Lei 14.009 foi publicada na <\/span><i><span style=\"font-weight: 400;\">Di\u00e1rio Oficial da Uni\u00e3o<\/span><\/i><span style=\"font-weight: 400;\"> dessa quarta-feira (3). O dinheiro ser\u00e1 destinado a dezenas de \u00f3rg\u00e3os do Poder Executivo, ao pagamento de encargos financeiros e para a transfer\u00eancia para estados, munic\u00edpios e Distrito Federal.\u00a0<\/span><\/p>\n<p><span style=\"font-weight: 400;\">A lei \u00e9 decorrente do PLN 8\/2020, que foi aprovado em sess\u00e3o virtual do Congresso Nacional no dia 21 de maio. Do montante total do cr\u00e9dito previsto, pouco mais de R$ 200 bilh\u00f5es s\u00e3o para benef\u00edcios do Regime Geral de Previd\u00eancia Social (RGPS). Em raz\u00e3o da pandemia de covid-19, o governo est\u00e1 dispensado de cumprir a &#8220;regra de ouro&#8221;, que o impede de se endividar para pagar despesas correntes.<\/span><\/p>\n<p><span style=\"font-weight: 400;\">O cr\u00e9dito suplementar \u00e9 uma das tr\u00eas modalidades de cr\u00e9ditos adicionais que podem ser abertos ao Or\u00e7amento. S\u00e3o destinados a refor\u00e7o de dota\u00e7\u00e3o or\u00e7ament\u00e1ria e encaminhados ao Congresso Nacional pelo presidente da Rep\u00fablica, por meio de projeto de lei. Os cr\u00e9ditos extraordin\u00e1rios s\u00e3o destinados a despesas urgentes e imprevistas, em caso de guerra ou calamidade p\u00fablica, e encaminhados ao Congresso pelo presidente por meio de medida provis\u00f3ria. Existem ainda os cr\u00e9ditos especiais, destinados a despesas para as quais n\u00e3o haja dota\u00e7\u00e3o or\u00e7ament\u00e1ria espec\u00edfica. Tamb\u00e9m chegam ao Congresso por projeto de lei. <\/span><\/p>\n<p>&nbsp;<\/p>\n<p><strong>Fonte:<\/strong> Ag\u00eancia Senado<\/p>\n","protected":false},"excerpt":{"rendered":"<p>O governo federal publicou mais uma abertura de cr\u00e9dito suplementar ao Or\u00e7amento da Uni\u00e3o. Desta vez, de R$ 343,6 bilh\u00f5es, para quitar despesas correntes por meio de endividamento em t\u00edtulos p\u00fablicos. A Lei 14.009 foi publicada na Di\u00e1rio Oficial da Uni\u00e3o dessa quarta-feira (3). O dinheiro ser\u00e1 destinado a dezenas de \u00f3rg\u00e3os do Poder Executivo, [&hellip;]<\/p>\n","protected":false},"author":96,"featured_media":161603,"comment_status":"closed","ping_status":"closed","sticky":false,"template":"","format":"standard","meta":{"footnotes":""},"categories":[436,261,439],"tags":[],"class_list":["post-161602","post","type-post","status-publish","format-standard","has-post-thumbnail","hentry","category-destaque-da-semana","category-economia","category-ultima-hora"],"_links":{"self":[{"href":"https:\/\/diarioregionaldigital.com.br\/index.php?rest_route=\/wp\/v2\/posts\/161602","targetHints":{"allow":["GET"]}}],"collection":[{"href":"https:\/\/diarioregionaldigital.com.br\/index.php?rest_route=\/wp\/v2\/posts"}],"about":[{"href":"https:\/\/diarioregionaldigital.com.br\/index.php?rest_route=\/wp\/v2\/types\/post"}],"author":[{"embeddable":true,"href":"https:\/\/diarioregionaldigital.com.br\/index.php?rest_route=\/wp\/v2\/users\/96"}],"replies":[{"embeddable":true,"href":"https:\/\/diarioregionaldigital.com.br\/index.php?rest_route=%2Fwp%2Fv2%2Fcomments&post=161602"}],"version-history":[{"count":0,"href":"https:\/\/diarioregionaldigital.com.br\/index.php?rest_route=\/wp\/v2\/posts\/161602\/revisions"}],"wp:featuredmedia":[{"embeddable":true,"href":"https:\/\/diarioregionaldigital.com.br\/index.php?rest_route=\/wp\/v2\/media\/161603"}],"wp:attachment":[{"href":"https:\/\/diarioregionaldigital.com.br\/index.php?rest_route=%2Fwp%2Fv2%2Fmedia&parent=161602"}],"wp:term":[{"taxonomy":"category","embeddable":true,"href":"https:\/\/diarioregionaldigital.com.br\/index.php?rest_route=%2Fwp%2Fv2%2Fcategories&post=161602"},{"taxonomy":"post_tag","embeddable":true,"href":"https:\/\/diarioregionaldigital.com.br\/index.php?rest_route=%2Fwp%2Fv2%2Ftags&post=161602"}],"curies":[{"name":"wp","href":"https:\/\/api.w.org\/{rel}","templated":true}]}}