{"id":161599,"date":"2020-06-03T11:08:53","date_gmt":"2020-06-03T14:08:53","guid":{"rendered":"https:\/\/diarioregionaldigital.com.br\/?p=161599"},"modified":"2020-06-03T11:08:53","modified_gmt":"2020-06-03T14:08:53","slug":"aprovada-suspensao-de-reajuste-de-remedios-e-de-planos-de-saude","status":"publish","type":"post","link":"https:\/\/diarioregionaldigital.com.br\/?p=161599","title":{"rendered":"Aprovada suspens\u00e3o de reajuste de rem\u00e9dios e de planos de sa\u00fade"},"content":{"rendered":"<p><span style=\"font-weight: 400;\">O ajuste anual de pre\u00e7os de medicamentos e de planos e seguros privados de sa\u00fade pode ser suspenso durante a pandemia de coronav\u00edrus. O Senado aprovou na ter\u00e7a-feira (2), com 71 votos a favor e 2 contr\u00e1rios, o PL 1.542\/2020, do senador Eduardo Braga (MDB-AM). A proposta segue para a C\u00e2mara dos Deputados.<\/span><\/p>\n<p><span style=\"font-weight: 400;\">O autor destacou que, em 31 de mar\u00e7o, o Poder Executivo enviou ao Congresso uma medida provis\u00f3ria (MP 933\/2020) suspendendo por 60 dias o reajuste de pre\u00e7os dos medicamentos para 2020. Os novos valores come\u00e7ariam a valer em 1\u00ba de abril e ficariam suspensos, portanto, at\u00e9 1\u00ba de junho. Segundo o senador, \u00e9 imprescind\u00edvel aumentar o per\u00edodo da suspens\u00e3o dos reajustes e estend\u00ea-la aos planos e seguros privados de assist\u00eancia \u00e0 sa\u00fade.\u00a0<\/span><\/p>\n<p><span style=\"font-weight: 400;\">Eduardo Braga afirma na justificativa que \u00e9 importante evitar aumento de pre\u00e7os em um momento que os efeitos econ\u00f4micos causados pela crise do coronav\u00edrus t\u00eam provocado uma perda significativa da renda das fam\u00edlias pela necessidade de isolamento social, que faz com que os cidad\u00e3os percam seus empregos ou tenham seus sal\u00e1rios reduzidos.<\/span><\/p>\n<p><b>Ajuste anual<\/b><\/p>\n<p><span style=\"font-weight: 400;\">O ajuste anual de pre\u00e7os de medicamentos est\u00e1 previsto na Lei 10.742, de 2003, e o dos planos e seguros privados de sa\u00fade, na Lei 9.656, de 1998.<\/span><\/p>\n<p><span style=\"font-weight: 400;\">O texto aprovado em Plen\u00e1rio foi o substitutivo do senador Conf\u00facio Moura (MDB-RO), que altera a Lei 13.979, de 2020, norma com as medidas para enfrentamento da emerg\u00eancia de sa\u00fade p\u00fablica pela pandemia do novo coronav\u00edrus. Ele analisou 46 sugest\u00f5es de emendas de senadores.<\/span><\/p>\n<p><span style=\"font-weight: 400;\">A proposta do relator suspende os reajustes dos planos privados de assist\u00eancia \u00e0 sa\u00fade de quaisquer modalidades e formas de contrata\u00e7\u00e3o, inclusive por mudan\u00e7a de faixa et\u00e1ria, por 120 dias. Ap\u00f3s o t\u00e9rmino do prazo, poder\u00e3o ser adotadas medidas adicionais, voltadas para a preserva\u00e7\u00e3o do equil\u00edbrio econ\u00f4mico-financeiro dos contratos.<\/span><\/p>\n<p><b>Infla\u00e7\u00e3o<\/b><\/p>\n<p><span style=\"font-weight: 400;\">J\u00e1 o ajuste anual de pre\u00e7os de medicamentos para 2020 fica suspenso por 60 dias ap\u00f3s o t\u00e9rmino da suspens\u00e3o prevista na MP 933\/2020, per\u00edodo que n\u00e3o ser\u00e1 contabilizado para ajuste futuro. A lei entrar\u00e1 em vigor na data de sua publica\u00e7\u00e3o.<\/span><\/p>\n<p>&nbsp;<\/p>\n<p><strong>Fonte:<\/strong> Ag\u00eancia Senado<\/p>\n","protected":false},"excerpt":{"rendered":"<p>O ajuste anual de pre\u00e7os de medicamentos e de planos e seguros privados de sa\u00fade pode ser suspenso durante a pandemia de coronav\u00edrus. O Senado aprovou na ter\u00e7a-feira (2), com 71 votos a favor e 2 contr\u00e1rios, o PL 1.542\/2020, do senador Eduardo Braga (MDB-AM). A proposta segue para a C\u00e2mara dos Deputados. O autor [&hellip;]<\/p>\n","protected":false},"author":96,"featured_media":161600,"comment_status":"closed","ping_status":"closed","sticky":false,"template":"","format":"standard","meta":{"footnotes":""},"categories":[436,254,439],"tags":[],"class_list":["post-161599","post","type-post","status-publish","format-standard","has-post-thumbnail","hentry","category-destaque-da-semana","category-politica","category-ultima-hora"],"_links":{"self":[{"href":"https:\/\/diarioregionaldigital.com.br\/index.php?rest_route=\/wp\/v2\/posts\/161599","targetHints":{"allow":["GET"]}}],"collection":[{"href":"https:\/\/diarioregionaldigital.com.br\/index.php?rest_route=\/wp\/v2\/posts"}],"about":[{"href":"https:\/\/diarioregionaldigital.com.br\/index.php?rest_route=\/wp\/v2\/types\/post"}],"author":[{"embeddable":true,"href":"https:\/\/diarioregionaldigital.com.br\/index.php?rest_route=\/wp\/v2\/users\/96"}],"replies":[{"embeddable":true,"href":"https:\/\/diarioregionaldigital.com.br\/index.php?rest_route=%2Fwp%2Fv2%2Fcomments&post=161599"}],"version-history":[{"count":0,"href":"https:\/\/diarioregionaldigital.com.br\/index.php?rest_route=\/wp\/v2\/posts\/161599\/revisions"}],"wp:featuredmedia":[{"embeddable":true,"href":"https:\/\/diarioregionaldigital.com.br\/index.php?rest_route=\/wp\/v2\/media\/161600"}],"wp:attachment":[{"href":"https:\/\/diarioregionaldigital.com.br\/index.php?rest_route=%2Fwp%2Fv2%2Fmedia&parent=161599"}],"wp:term":[{"taxonomy":"category","embeddable":true,"href":"https:\/\/diarioregionaldigital.com.br\/index.php?rest_route=%2Fwp%2Fv2%2Fcategories&post=161599"},{"taxonomy":"post_tag","embeddable":true,"href":"https:\/\/diarioregionaldigital.com.br\/index.php?rest_route=%2Fwp%2Fv2%2Ftags&post=161599"}],"curies":[{"name":"wp","href":"https:\/\/api.w.org\/{rel}","templated":true}]}}