{"id":161593,"date":"2020-06-03T10:51:43","date_gmt":"2020-06-03T13:51:43","guid":{"rendered":"https:\/\/diarioregionaldigital.com.br\/?p=161593"},"modified":"2020-06-03T10:51:43","modified_gmt":"2020-06-03T13:51:43","slug":"pentagono-preve-vacina-contra-covid-19-ate-o-fim-do-ano","status":"publish","type":"post","link":"https:\/\/diarioregionaldigital.com.br\/?p=161593","title":{"rendered":"Pent\u00e1gono prev\u00ea vacina contra covid-19 at\u00e9 o fim do ano"},"content":{"rendered":"<p>A diretora do Programa de Pesquisa de Doen\u00e7as Infecciosas das For\u00e7as Armadas dos Estados Unidos (EUA), coronel Wendy Sammons-Jackson, disse que \u00e9 razo\u00e1vel esperar que algum tipo de vacina para o novo coronav\u00edrus esteja dispon\u00edvel para parte da popula\u00e7\u00e3o norte-americana at\u00e9 o fim deste ano.<\/p>\n<p>O secret\u00e1rio de Defesa, Mark Esper, prometeu, em 15 de maio, que as For\u00e7as Armadas norte-americanas e outras \u00e1reas do governo iriam, em colabora\u00e7\u00e3o com o setor privado, produzir uma vacina em escala para tratar a popula\u00e7\u00e3o do pa\u00eds e seus parceiros pelo mundo at\u00e9 o fim do ano.<\/p>\n<p>Outro pesquisador do Ex\u00e9rcito, Kayvon Modjarrad, afirmou que os pesquisadores est\u00e3o aprendendo sobre o novo coronav\u00edrus mais r\u00e1pido do que sobre qualquer outro v\u00edrus anteriormente.<\/p>\n<p>&#8220;Ent\u00e3o, chegar a uma vacina em quest\u00e3o de meses, do conceito at\u00e9 a fase 3 de testes cl\u00ednicos e com potencial de licenciamento, n\u00e3o tem precedentes. Mas, neste caso, acredito muito que seja poss\u00edvel&#8221;.<\/p>\n<p>Pesquisadores disseram que o trabalho envolve empresas como\u00a0AstraZeneca, Johnson &amp; Johnson, Moderna e Sanofi para desenvolver medicamentos de anticorpos e vacinas. Os militares planejam testar sua pr\u00f3pria vacina em pessoas no fim do ver\u00e3o no Hemisf\u00e9rio Norte.<\/p>\n<p>&nbsp;<\/p>\n<p><strong>Fonte:\u00a0<\/strong>Ag\u00eancia Brasil<\/p>\n","protected":false},"excerpt":{"rendered":"<p>A diretora do Programa de Pesquisa de Doen\u00e7as Infecciosas das For\u00e7as Armadas dos Estados Unidos (EUA), coronel Wendy Sammons-Jackson, disse que \u00e9 razo\u00e1vel esperar que algum tipo de vacina para o novo coronav\u00edrus esteja dispon\u00edvel para parte da popula\u00e7\u00e3o norte-americana at\u00e9 o fim deste ano. O secret\u00e1rio de Defesa, Mark Esper, prometeu, em 15 de [&hellip;]<\/p>\n","protected":false},"author":96,"featured_media":161594,"comment_status":"closed","ping_status":"closed","sticky":false,"template":"","format":"standard","meta":{"footnotes":""},"categories":[302,436,439],"tags":[],"class_list":["post-161593","post","type-post","status-publish","format-standard","has-post-thumbnail","hentry","category-brasil-mundo","category-destaque-da-semana","category-ultima-hora"],"_links":{"self":[{"href":"https:\/\/diarioregionaldigital.com.br\/index.php?rest_route=\/wp\/v2\/posts\/161593","targetHints":{"allow":["GET"]}}],"collection":[{"href":"https:\/\/diarioregionaldigital.com.br\/index.php?rest_route=\/wp\/v2\/posts"}],"about":[{"href":"https:\/\/diarioregionaldigital.com.br\/index.php?rest_route=\/wp\/v2\/types\/post"}],"author":[{"embeddable":true,"href":"https:\/\/diarioregionaldigital.com.br\/index.php?rest_route=\/wp\/v2\/users\/96"}],"replies":[{"embeddable":true,"href":"https:\/\/diarioregionaldigital.com.br\/index.php?rest_route=%2Fwp%2Fv2%2Fcomments&post=161593"}],"version-history":[{"count":0,"href":"https:\/\/diarioregionaldigital.com.br\/index.php?rest_route=\/wp\/v2\/posts\/161593\/revisions"}],"wp:featuredmedia":[{"embeddable":true,"href":"https:\/\/diarioregionaldigital.com.br\/index.php?rest_route=\/wp\/v2\/media\/161594"}],"wp:attachment":[{"href":"https:\/\/diarioregionaldigital.com.br\/index.php?rest_route=%2Fwp%2Fv2%2Fmedia&parent=161593"}],"wp:term":[{"taxonomy":"category","embeddable":true,"href":"https:\/\/diarioregionaldigital.com.br\/index.php?rest_route=%2Fwp%2Fv2%2Fcategories&post=161593"},{"taxonomy":"post_tag","embeddable":true,"href":"https:\/\/diarioregionaldigital.com.br\/index.php?rest_route=%2Fwp%2Fv2%2Ftags&post=161593"}],"curies":[{"name":"wp","href":"https:\/\/api.w.org\/{rel}","templated":true}]}}