{"id":161590,"date":"2020-06-03T10:48:43","date_gmt":"2020-06-03T13:48:43","guid":{"rendered":"https:\/\/diarioregionaldigital.com.br\/?p=161590"},"modified":"2020-06-03T10:48:43","modified_gmt":"2020-06-03T13:48:43","slug":"santas-casas-recebem-2a-parcela-da-ajuda-financeira-emergencial","status":"publish","type":"post","link":"https:\/\/diarioregionaldigital.com.br\/?p=161590","title":{"rendered":"Santas casas recebem 2\u00aa parcela da ajuda financeira emergencial"},"content":{"rendered":"<p>O Minist\u00e9rio da Sa\u00fade liberou R$ 1,66 bilh\u00e3o referente \u00e0 2\u00aa parcela do aux\u00edlio financeiro emergencial de R$ 2,2 bilh\u00f5es \u00e0s santas casas e aos hospitais filantr\u00f3picos sem fins lucrativos, com o objetivo de atuar no controle do avan\u00e7o da pandemia da covid-19.<\/p>\n<p>O dinheiro \u00e9 direcionado para a compra de medicamentos, suprimentos, insumos e produtos hospitalares para o atendimento adequado aos pacientes, segundo informa\u00e7\u00e3o do minist\u00e9rio.<\/p>\n<p>Tamb\u00e9m fica aberta a possibilidade de aquisi\u00e7\u00e3o de equipamentos e a realiza\u00e7\u00e3o de pequenas reformas e adapta\u00e7\u00f5es f\u00edsicas para aumento da oferta de leitos de terapia intensiva.<\/p>\n<p>Ao todo, o aux\u00edlio financeiro beneficia 1.651 entidades filantr\u00f3picas que participam de forma complementar ao Sistema \u00danico de Sa\u00fade (SUS), no ano de 2020. A primeira parcela j\u00e1 havia sido liberada no final de maio, no valor de R$ 340 milh\u00f5es.<\/p>\n<p>&nbsp;<\/p>\n<p><strong>Fonte:\u00a0<\/strong>Ag\u00eancia Brasil<\/p>\n","protected":false},"excerpt":{"rendered":"<p>O Minist\u00e9rio da Sa\u00fade liberou R$ 1,66 bilh\u00e3o referente \u00e0 2\u00aa parcela do aux\u00edlio financeiro emergencial de R$ 2,2 bilh\u00f5es \u00e0s santas casas e aos hospitais filantr\u00f3picos sem fins lucrativos, com o objetivo de atuar no controle do avan\u00e7o da pandemia da covid-19. O dinheiro \u00e9 direcionado para a compra de medicamentos, suprimentos, insumos e [&hellip;]<\/p>\n","protected":false},"author":96,"featured_media":161591,"comment_status":"closed","ping_status":"closed","sticky":false,"template":"","format":"standard","meta":{"footnotes":""},"categories":[302,436,439],"tags":[],"class_list":["post-161590","post","type-post","status-publish","format-standard","has-post-thumbnail","hentry","category-brasil-mundo","category-destaque-da-semana","category-ultima-hora"],"_links":{"self":[{"href":"https:\/\/diarioregionaldigital.com.br\/index.php?rest_route=\/wp\/v2\/posts\/161590","targetHints":{"allow":["GET"]}}],"collection":[{"href":"https:\/\/diarioregionaldigital.com.br\/index.php?rest_route=\/wp\/v2\/posts"}],"about":[{"href":"https:\/\/diarioregionaldigital.com.br\/index.php?rest_route=\/wp\/v2\/types\/post"}],"author":[{"embeddable":true,"href":"https:\/\/diarioregionaldigital.com.br\/index.php?rest_route=\/wp\/v2\/users\/96"}],"replies":[{"embeddable":true,"href":"https:\/\/diarioregionaldigital.com.br\/index.php?rest_route=%2Fwp%2Fv2%2Fcomments&post=161590"}],"version-history":[{"count":0,"href":"https:\/\/diarioregionaldigital.com.br\/index.php?rest_route=\/wp\/v2\/posts\/161590\/revisions"}],"wp:featuredmedia":[{"embeddable":true,"href":"https:\/\/diarioregionaldigital.com.br\/index.php?rest_route=\/wp\/v2\/media\/161591"}],"wp:attachment":[{"href":"https:\/\/diarioregionaldigital.com.br\/index.php?rest_route=%2Fwp%2Fv2%2Fmedia&parent=161590"}],"wp:term":[{"taxonomy":"category","embeddable":true,"href":"https:\/\/diarioregionaldigital.com.br\/index.php?rest_route=%2Fwp%2Fv2%2Fcategories&post=161590"},{"taxonomy":"post_tag","embeddable":true,"href":"https:\/\/diarioregionaldigital.com.br\/index.php?rest_route=%2Fwp%2Fv2%2Ftags&post=161590"}],"curies":[{"name":"wp","href":"https:\/\/api.w.org\/{rel}","templated":true}]}}