{"id":161585,"date":"2020-06-03T10:43:40","date_gmt":"2020-06-03T13:43:40","guid":{"rendered":"https:\/\/diarioregionaldigital.com.br\/?p=161585"},"modified":"2020-06-03T10:46:10","modified_gmt":"2020-06-03T13:46:10","slug":"covid-19-estado-tem-aumento-de-mais-de-mil-casos-confirmados","status":"publish","type":"post","link":"https:\/\/diarioregionaldigital.com.br\/?p=161585","title":{"rendered":"Covid-19: estado tem aumento de mais de mil casos confirmados"},"content":{"rendered":"<p>A Secretaria de Estado da Sa\u00fade de Minas Gerais (SES-MG), confirmou em boletim epidemiol\u00f3gico divulgado nesta quarta-feira (3), aumento de 10.939 para 12.010 novos casos confirmados de Coronav\u00edrus em 24h. Al\u00e9m disso, houve aumento de 289 para 306 mortes confirmadas. Segundo o levantamento, as mortes foram confirmadas em: Lima Duarte (idosa de 78 anos), Te\u00f3filo Otoni (idoso de 60 e idosa de 67 anos), Santa Luzia (idoso de 67 anos), Mira\u00ed (jovem de 25 anos), S\u00e3o Jo\u00e3o Del Rei (idosa de 80 anos), Betim (mulher de 50 anos e idoso de 73 anos), Contagem (homem de 55, idoso de 64 e idosa de 78 anos), Visconde do Rio Branco (idosa de 77 anos), Carangola (idoso de 80 anos), Ipatinga (idosa de 96 anos), Patroc\u00ednio (idosa de 94 anos), Oriz\u00e2nia (homem de 56 anos) e Carangola (idoso de 68 anos).<\/p>\n<p>Quanto aos pacientes recuperados, houve crescimento de 5.118 para 5.336 recuperados da doen\u00e7a. Conforme os dados, 6.139 pacientes confirmados com a doen\u00e7a est\u00e3o fazendo isolamento social e 1.802 est\u00e3o internados. Al\u00e9m disso, foram feitos 22.976 testes laboratoriais, sendo que 1.904 deram resultado positivo, 20.316 deram negativo para Coronav\u00edrus e 553 est\u00e3o sob an\u00e1lise.<\/p>\n<p>Os dados atualizados referentes a \u00f3bitos confirmados em Minas Gerais podem ser conferidos no anexo abaixo.<\/p>\n<p><a href=\"https:\/\/diarioregionaldigital.com.br\/wp-content\/uploads\/2020\/06\/OBITOS_CONF_COVID-19_MG_03.06.2020.xls\">OBITOS_CONF_COVID-19_MG_03.06.2020<\/a><\/p>\n","protected":false},"excerpt":{"rendered":"<p>A Secretaria de Estado da Sa\u00fade de Minas Gerais (SES-MG), confirmou em boletim epidemiol\u00f3gico divulgado nesta quarta-feira (3), aumento de 10.939 para 12.010 novos casos confirmados de Coronav\u00edrus em 24h. Al\u00e9m disso, houve aumento de 289 para 306 mortes confirmadas. Segundo o levantamento, as mortes foram confirmadas em: Lima Duarte (idosa de 78 anos), Te\u00f3filo [&hellip;]<\/p>\n","protected":false},"author":96,"featured_media":161587,"comment_status":"closed","ping_status":"closed","sticky":false,"template":"","format":"standard","meta":{"footnotes":""},"categories":[436,440,252,439],"tags":[],"class_list":["post-161585","post","type-post","status-publish","format-standard","has-post-thumbnail","hentry","category-destaque-da-semana","category-destaques-do-dia","category-regiao","category-ultima-hora"],"_links":{"self":[{"href":"https:\/\/diarioregionaldigital.com.br\/index.php?rest_route=\/wp\/v2\/posts\/161585","targetHints":{"allow":["GET"]}}],"collection":[{"href":"https:\/\/diarioregionaldigital.com.br\/index.php?rest_route=\/wp\/v2\/posts"}],"about":[{"href":"https:\/\/diarioregionaldigital.com.br\/index.php?rest_route=\/wp\/v2\/types\/post"}],"author":[{"embeddable":true,"href":"https:\/\/diarioregionaldigital.com.br\/index.php?rest_route=\/wp\/v2\/users\/96"}],"replies":[{"embeddable":true,"href":"https:\/\/diarioregionaldigital.com.br\/index.php?rest_route=%2Fwp%2Fv2%2Fcomments&post=161585"}],"version-history":[{"count":0,"href":"https:\/\/diarioregionaldigital.com.br\/index.php?rest_route=\/wp\/v2\/posts\/161585\/revisions"}],"wp:featuredmedia":[{"embeddable":true,"href":"https:\/\/diarioregionaldigital.com.br\/index.php?rest_route=\/wp\/v2\/media\/161587"}],"wp:attachment":[{"href":"https:\/\/diarioregionaldigital.com.br\/index.php?rest_route=%2Fwp%2Fv2%2Fmedia&parent=161585"}],"wp:term":[{"taxonomy":"category","embeddable":true,"href":"https:\/\/diarioregionaldigital.com.br\/index.php?rest_route=%2Fwp%2Fv2%2Fcategories&post=161585"},{"taxonomy":"post_tag","embeddable":true,"href":"https:\/\/diarioregionaldigital.com.br\/index.php?rest_route=%2Fwp%2Fv2%2Ftags&post=161585"}],"curies":[{"name":"wp","href":"https:\/\/api.w.org\/{rel}","templated":true}]}}