{"id":161577,"date":"2020-06-03T06:00:17","date_gmt":"2020-06-03T09:00:17","guid":{"rendered":"https:\/\/diarioregionaldigital.com.br\/?p=161577"},"modified":"2020-06-03T04:33:09","modified_gmt":"2020-06-03T07:33:09","slug":"machado-sobrinho-convocacao-03-06-2020","status":"publish","type":"post","link":"https:\/\/diarioregionaldigital.com.br\/?p=161577","title":{"rendered":"Machado Sobrinho &#8211; Convoca\u00e7\u00e3o &#8211; 03\/06\/2020"},"content":{"rendered":"<p style=\"text-align: center;\"><strong>REUNI\u00c3O ORDIN\u00c1RIA DA ASSEMBLEIA GERAL<\/strong><\/p>\n<p style=\"text-align: center;\"><strong><span style=\"font-size: 14pt;\">CONVOCA\u00c7\u00c3O<\/span><\/strong><\/p>\n<p style=\"text-align: center;\">Na qualidade de Presidente da Funda\u00e7\u00e3o Educacional Machado Sobrinho, convoco os Senhores Membros da Assembleia Geral, na forma estatut\u00e1ria, para a reuni\u00e3o ordin\u00e1ria no <strong>dia 09 de Junho de 2020, <\/strong>em primeira convoca\u00e7\u00e3o, as<strong> 14h30min <\/strong>e, em segunda convoca\u00e7\u00e3o, as<strong> 15horas<\/strong>, de forma virtual, pelo Hangouts Meet, em raz\u00e3o do isolamento social recomendado, tendo em vista a pandemia do COVID 19, para deliberarem sobre a seguinte pauta:<\/p>\n<p style=\"text-align: center;\"><strong>PAUTA DA REUNI\u00c3O:<\/strong><\/p>\n<ul style=\"text-align: center;\">\n<li style=\"text-align: left;\">Conhecimento e delibera\u00e7\u00e3o sobre a Presta\u00e7\u00e3o de Contas do exerc\u00edcio de 2019, constitu\u00edda do Relat\u00f3rio do Diretor Executivo, dos Balan\u00e7os e demais pe\u00e7as cont\u00e1beis, do Parecer do Conselho Curador e do Parecer da Auditoria Externa Independente;<\/li>\n<li style=\"text-align: left;\">Conhecimento e delibera\u00e7\u00e3o sobre a situa\u00e7\u00e3o da FEMS em 2020;<\/li>\n<li style=\"text-align: left;\">Demais assuntos de interesse da Institui\u00e7\u00e3o.<\/li>\n<\/ul>\n<p style=\"text-align: center;\">Juiz de Fora, 26 de maio de 2020.<\/p>\n<p style=\"text-align: center;\"><strong>Paulo Cezar Castro Gon\u00e7alves<\/strong><\/p>\n<p style=\"text-align: center;\"><strong>Presidente<\/strong><\/p>\n","protected":false},"excerpt":{"rendered":"<p>REUNI\u00c3O ORDIN\u00c1RIA DA ASSEMBLEIA GERAL CONVOCA\u00c7\u00c3O Na qualidade de Presidente da Funda\u00e7\u00e3o Educacional Machado Sobrinho, convoco os Senhores Membros da Assembleia Geral, na forma estatut\u00e1ria, para a reuni\u00e3o ordin\u00e1ria no dia 09 de Junho de 2020, em primeira convoca\u00e7\u00e3o, as 14h30min e, em segunda convoca\u00e7\u00e3o, as 15horas, de forma virtual, pelo Hangouts Meet, em raz\u00e3o [&hellip;]<\/p>\n","protected":false},"author":96,"featured_media":0,"comment_status":"closed","ping_status":"closed","sticky":false,"template":"","format":"standard","meta":{"footnotes":""},"categories":[307],"tags":[],"class_list":["post-161577","post","type-post","status-publish","format-standard","hentry","category-editais"],"_links":{"self":[{"href":"https:\/\/diarioregionaldigital.com.br\/index.php?rest_route=\/wp\/v2\/posts\/161577","targetHints":{"allow":["GET"]}}],"collection":[{"href":"https:\/\/diarioregionaldigital.com.br\/index.php?rest_route=\/wp\/v2\/posts"}],"about":[{"href":"https:\/\/diarioregionaldigital.com.br\/index.php?rest_route=\/wp\/v2\/types\/post"}],"author":[{"embeddable":true,"href":"https:\/\/diarioregionaldigital.com.br\/index.php?rest_route=\/wp\/v2\/users\/96"}],"replies":[{"embeddable":true,"href":"https:\/\/diarioregionaldigital.com.br\/index.php?rest_route=%2Fwp%2Fv2%2Fcomments&post=161577"}],"version-history":[{"count":0,"href":"https:\/\/diarioregionaldigital.com.br\/index.php?rest_route=\/wp\/v2\/posts\/161577\/revisions"}],"wp:attachment":[{"href":"https:\/\/diarioregionaldigital.com.br\/index.php?rest_route=%2Fwp%2Fv2%2Fmedia&parent=161577"}],"wp:term":[{"taxonomy":"category","embeddable":true,"href":"https:\/\/diarioregionaldigital.com.br\/index.php?rest_route=%2Fwp%2Fv2%2Fcategories&post=161577"},{"taxonomy":"post_tag","embeddable":true,"href":"https:\/\/diarioregionaldigital.com.br\/index.php?rest_route=%2Fwp%2Fv2%2Ftags&post=161577"}],"curies":[{"name":"wp","href":"https:\/\/api.w.org\/{rel}","templated":true}]}}