{"id":161572,"date":"2020-06-03T06:00:10","date_gmt":"2020-06-03T09:00:10","guid":{"rendered":"https:\/\/diarioregionaldigital.com.br\/?p=161572"},"modified":"2020-06-03T04:30:04","modified_gmt":"2020-06-03T07:30:04","slug":"delicias","status":"publish","type":"post","link":"https:\/\/diarioregionaldigital.com.br\/?p=161572","title":{"rendered":"Del\u00edcias"},"content":{"rendered":"<p style=\"text-align: center;\"><strong>Explica\u00e7\u00f5es<\/strong><\/p>\n<p style=\"text-align: center;\">Solicitados os representantes da Cemig em Juiz de Fora compareceram \u00e0 C\u00e2mara Municipal de Juiz de Fora para explicarem o aumento nas contas de luz que motivou uma investiga\u00e7\u00e3o do Minist\u00e9rio Publico. A audi\u00eancia foi solicitada pelo vereador Juraci Scheffer e J\u00falio Obama Jr.<\/p>\n<p style=\"text-align: center;\"><strong>Responsabilidade Social<\/strong><\/p>\n<p style=\"text-align: center;\">A crise existe e exige das empresas maior seguran\u00e7a de empregados, mas tamb\u00e9m com a da sociedade, atuando de forma complementar ao Estado.<\/p>\n<p style=\"text-align: center;\"><strong>Del\u00edcias<\/strong><\/p>\n<p style=\"text-align: center;\">Dona do peda\u00e7o, Alessandra Ribeiro est\u00e1 arrasando com sua delicatensse Tarhib. As del\u00edcias vem em forma de salgados e pratos da cozinha \u00e1rabe e libanesa e p\u00e3es artesanais.<\/p>\n<p style=\"text-align: center;\"><strong>Doa\u00e7\u00e3o<\/strong><\/p>\n<p style=\"text-align: center;\">Criado pelo Instituto Federal de Educa\u00e7\u00e3o, Ci\u00eancia e tecnologia do Sudeste de Minas Gerais (IF- Sudeste MG) o Comit\u00ea Local de Enfrentamento ao Covid-19 beneficiou 130 fam\u00edlias com cestas b\u00e1sicas. O grupo, formado por 18 servidores da institui\u00e7\u00e3o ainda arrecadou R$11.213.08 para adquirir produtos que ser\u00e3o distribu\u00eddos para a Associa\u00e7\u00e3o Esp\u00edrita Paz e Amor, Sociedade Beneficente M\u00e3o Amiga e Sopa dos Pobres.<\/p>\n<p style=\"text-align: center;\"><span style=\"font-size: 14pt;\"><strong>Para Refletir<\/strong><\/span><\/p>\n<p style=\"text-align: center;\">Diante da pandemia descobrimos que sabemos que somos cheios de falhas e limita\u00e7\u00f5es e que reconhece-las e aprender a aceita-las. Uma vez que abra\u00e7amos nossos medos, defeitos e incertezas, uma vez que paramos de fugir e come\u00e7amos a confrontar as verdades mais dolorosas, nos abrimos para encontrar coragem, perseveran\u00e7a entusiasmo.<\/p>\n<div id=\"attachment_161557\" style=\"width: 690px\" class=\"wp-caption aligncenter\"><img loading=\"lazy\" decoding=\"async\" aria-describedby=\"caption-attachment-161557\" class=\"wp-image-161557\" src=\"https:\/\/diarioregionaldigital.com.br\/wp-content\/uploads\/2020\/06\/fotoa-1-e1591166901754.jpg\" alt=\"\" width=\"680\" height=\"513\" srcset=\"https:\/\/diarioregionaldigital.com.br\/wp-content\/uploads\/2020\/06\/fotoa-1-e1591166901754.jpg 960w, https:\/\/diarioregionaldigital.com.br\/wp-content\/uploads\/2020\/06\/fotoa-1-e1591166901754-300x226.jpg 300w, https:\/\/diarioregionaldigital.com.br\/wp-content\/uploads\/2020\/06\/fotoa-1-e1591166901754-768x579.jpg 768w, https:\/\/diarioregionaldigital.com.br\/wp-content\/uploads\/2020\/06\/fotoa-1-e1591166901754-360x272.jpg 360w\" sizes=\"auto, (max-width: 680px) 100vw, 680px\" \/><p id=\"caption-attachment-161557\" class=\"wp-caption-text\">Filha do bonito casal Tamara Mageste e Ramon Rezende, a linda estrelinha Liz Mageste Rezende, festejou seu primeiro aninho no maior alto astral<\/p><\/div>\n<div id=\"attachment_161558\" style=\"width: 690px\" class=\"wp-caption aligncenter\"><img loading=\"lazy\" decoding=\"async\" aria-describedby=\"caption-attachment-161558\" class=\"wp-image-161558\" src=\"https:\/\/diarioregionaldigital.com.br\/wp-content\/uploads\/2020\/06\/fotob-1-e1591167161848.jpg\" alt=\"\" width=\"680\" height=\"536\" srcset=\"https:\/\/diarioregionaldigital.com.br\/wp-content\/uploads\/2020\/06\/fotob-1-e1591167161848.jpg 885w, https:\/\/diarioregionaldigital.com.br\/wp-content\/uploads\/2020\/06\/fotob-1-e1591167161848-300x237.jpg 300w, https:\/\/diarioregionaldigital.com.br\/wp-content\/uploads\/2020\/06\/fotob-1-e1591167161848-768x606.jpg 768w, https:\/\/diarioregionaldigital.com.br\/wp-content\/uploads\/2020\/06\/fotob-1-e1591167161848-360x284.jpg 360w\" sizes=\"auto, (max-width: 680px) 100vw, 680px\" \/><p id=\"caption-attachment-161558\" class=\"wp-caption-text\">Aniversariante de destaque da temporada social, o jovem advogado Roberto Nunes<\/p><\/div>\n<div id=\"attachment_161559\" style=\"width: 690px\" class=\"wp-caption aligncenter\"><img loading=\"lazy\" decoding=\"async\" aria-describedby=\"caption-attachment-161559\" class=\"wp-image-161559\" src=\"https:\/\/diarioregionaldigital.com.br\/wp-content\/uploads\/2020\/06\/fotoc-1-e1591167203751.jpg\" alt=\"\" width=\"680\" height=\"492\" srcset=\"https:\/\/diarioregionaldigital.com.br\/wp-content\/uploads\/2020\/06\/fotoc-1-e1591167203751.jpg 947w, https:\/\/diarioregionaldigital.com.br\/wp-content\/uploads\/2020\/06\/fotoc-1-e1591167203751-300x217.jpg 300w, https:\/\/diarioregionaldigital.com.br\/wp-content\/uploads\/2020\/06\/fotoc-1-e1591167203751-768x556.jpg 768w, https:\/\/diarioregionaldigital.com.br\/wp-content\/uploads\/2020\/06\/fotoc-1-e1591167203751-360x260.jpg 360w\" sizes=\"auto, (max-width: 680px) 100vw, 680px\" \/><p id=\"caption-attachment-161559\" class=\"wp-caption-text\">Um foco de luz na bonita Gabih Canalli, em plena quarentena em casa<\/p><\/div>\n<div id=\"attachment_161560\" style=\"width: 690px\" class=\"wp-caption aligncenter\"><img loading=\"lazy\" decoding=\"async\" aria-describedby=\"caption-attachment-161560\" class=\"wp-image-161560\" src=\"https:\/\/diarioregionaldigital.com.br\/wp-content\/uploads\/2020\/06\/fotod-1-e1591167849946.jpg\" alt=\"\" width=\"680\" height=\"480\" srcset=\"https:\/\/diarioregionaldigital.com.br\/wp-content\/uploads\/2020\/06\/fotod-1-e1591167849946.jpg 1320w, https:\/\/diarioregionaldigital.com.br\/wp-content\/uploads\/2020\/06\/fotod-1-e1591167849946-300x212.jpg 300w, https:\/\/diarioregionaldigital.com.br\/wp-content\/uploads\/2020\/06\/fotod-1-e1591167849946-1024x723.jpg 1024w, https:\/\/diarioregionaldigital.com.br\/wp-content\/uploads\/2020\/06\/fotod-1-e1591167849946-768x542.jpg 768w, https:\/\/diarioregionaldigital.com.br\/wp-content\/uploads\/2020\/06\/fotod-1-e1591167849946-750x530.jpg 750w, https:\/\/diarioregionaldigital.com.br\/wp-content\/uploads\/2020\/06\/fotod-1-e1591167849946-360x254.jpg 360w, https:\/\/diarioregionaldigital.com.br\/wp-content\/uploads\/2020\/06\/fotod-1-e1591167849946-100x70.jpg 100w\" sizes=\"auto, (max-width: 680px) 100vw, 680px\" \/><p id=\"caption-attachment-161560\" class=\"wp-caption-text\">O estilo elegante dos irm\u00e3os: Marcelo e Thiago Eberte Santos<\/p><\/div>\n<div id=\"attachment_161561\" style=\"width: 690px\" class=\"wp-caption aligncenter\"><img loading=\"lazy\" decoding=\"async\" aria-describedby=\"caption-attachment-161561\" class=\"wp-image-161561\" src=\"https:\/\/diarioregionaldigital.com.br\/wp-content\/uploads\/2020\/06\/fotoe-1-e1591168135372.jpg\" alt=\"\" width=\"680\" height=\"515\" srcset=\"https:\/\/diarioregionaldigital.com.br\/wp-content\/uploads\/2020\/06\/fotoe-1-e1591168135372.jpg 620w, https:\/\/diarioregionaldigital.com.br\/wp-content\/uploads\/2020\/06\/fotoe-1-e1591168135372-300x227.jpg 300w, https:\/\/diarioregionaldigital.com.br\/wp-content\/uploads\/2020\/06\/fotoe-1-e1591168135372-360x273.jpg 360w\" sizes=\"auto, (max-width: 680px) 100vw, 680px\" \/><p id=\"caption-attachment-161561\" class=\"wp-caption-text\">Os queridos Ieda, Gui e Julia Ciampi no Haras antes da pandemia<\/p><\/div>\n<div id=\"attachment_161562\" style=\"width: 690px\" class=\"wp-caption aligncenter\"><img loading=\"lazy\" decoding=\"async\" aria-describedby=\"caption-attachment-161562\" class=\"wp-image-161562\" src=\"https:\/\/diarioregionaldigital.com.br\/wp-content\/uploads\/2020\/06\/fotof-1-e1591168172307.jpg\" alt=\"\" width=\"680\" height=\"573\" srcset=\"https:\/\/diarioregionaldigital.com.br\/wp-content\/uploads\/2020\/06\/fotof-1-e1591168172307.jpg 501w, https:\/\/diarioregionaldigital.com.br\/wp-content\/uploads\/2020\/06\/fotof-1-e1591168172307-300x253.jpg 300w, https:\/\/diarioregionaldigital.com.br\/wp-content\/uploads\/2020\/06\/fotof-1-e1591168172307-360x303.jpg 360w\" sizes=\"auto, (max-width: 680px) 100vw, 680px\" \/><p id=\"caption-attachment-161562\" class=\"wp-caption-text\">No Rio esperando dias melhores, Marcelo Moreno e a estrela dos musicais Aloma Divina<\/p><\/div>\n<div id=\"attachment_161563\" style=\"width: 690px\" class=\"wp-caption aligncenter\"><img loading=\"lazy\" decoding=\"async\" aria-describedby=\"caption-attachment-161563\" class=\"wp-image-161563\" src=\"https:\/\/diarioregionaldigital.com.br\/wp-content\/uploads\/2020\/06\/fotog-1-e1591168208907.jpg\" alt=\"\" width=\"680\" height=\"526\" srcset=\"https:\/\/diarioregionaldigital.com.br\/wp-content\/uploads\/2020\/06\/fotog-1-e1591168208907.jpg 787w, https:\/\/diarioregionaldigital.com.br\/wp-content\/uploads\/2020\/06\/fotog-1-e1591168208907-300x232.jpg 300w, https:\/\/diarioregionaldigital.com.br\/wp-content\/uploads\/2020\/06\/fotog-1-e1591168208907-768x594.jpg 768w, https:\/\/diarioregionaldigital.com.br\/wp-content\/uploads\/2020\/06\/fotog-1-e1591168208907-360x279.jpg 360w\" sizes=\"auto, (max-width: 680px) 100vw, 680px\" \/><p id=\"caption-attachment-161563\" class=\"wp-caption-text\">Em Cabo Frio (RJ), o estilo elegante do personal, Carlos Que\u00edros<\/p><\/div>\n<div id=\"attachment_161564\" style=\"width: 690px\" class=\"wp-caption aligncenter\"><img loading=\"lazy\" decoding=\"async\" aria-describedby=\"caption-attachment-161564\" class=\"wp-image-161564\" src=\"https:\/\/diarioregionaldigital.com.br\/wp-content\/uploads\/2020\/06\/fotoh-1-e1591168234561.jpg\" alt=\"\" width=\"680\" height=\"475\" srcset=\"https:\/\/diarioregionaldigital.com.br\/wp-content\/uploads\/2020\/06\/fotoh-1-e1591168234561.jpg 864w, https:\/\/diarioregionaldigital.com.br\/wp-content\/uploads\/2020\/06\/fotoh-1-e1591168234561-300x210.jpg 300w, https:\/\/diarioregionaldigital.com.br\/wp-content\/uploads\/2020\/06\/fotoh-1-e1591168234561-768x537.jpg 768w, https:\/\/diarioregionaldigital.com.br\/wp-content\/uploads\/2020\/06\/fotoh-1-e1591168234561-360x252.jpg 360w, https:\/\/diarioregionaldigital.com.br\/wp-content\/uploads\/2020\/06\/fotoh-1-e1591168234561-100x70.jpg 100w\" sizes=\"auto, (max-width: 680px) 100vw, 680px\" \/><p id=\"caption-attachment-161564\" class=\"wp-caption-text\">Antes da pandemia no Rio de Janeiro, o fot\u00f3grafo Daniel Fraga e Waleska Rom\u00e3o<\/p><\/div>\n<div id=\"attachment_161565\" style=\"width: 690px\" class=\"wp-caption aligncenter\"><img loading=\"lazy\" decoding=\"async\" aria-describedby=\"caption-attachment-161565\" class=\"wp-image-161565\" src=\"https:\/\/diarioregionaldigital.com.br\/wp-content\/uploads\/2020\/06\/fotoi-e1591168272830.jpg\" alt=\"\" width=\"680\" height=\"503\" srcset=\"https:\/\/diarioregionaldigital.com.br\/wp-content\/uploads\/2020\/06\/fotoi-e1591168272830.jpg 799w, https:\/\/diarioregionaldigital.com.br\/wp-content\/uploads\/2020\/06\/fotoi-e1591168272830-300x222.jpg 300w, https:\/\/diarioregionaldigital.com.br\/wp-content\/uploads\/2020\/06\/fotoi-e1591168272830-768x568.jpg 768w, https:\/\/diarioregionaldigital.com.br\/wp-content\/uploads\/2020\/06\/fotoi-e1591168272830-360x266.jpg 360w\" sizes=\"auto, (max-width: 680px) 100vw, 680px\" \/><p id=\"caption-attachment-161565\" class=\"wp-caption-text\">Viva o Teatro com a atriz Car\u00fa Rezende<\/p><\/div>\n<div id=\"attachment_161566\" style=\"width: 690px\" class=\"wp-caption aligncenter\"><img loading=\"lazy\" decoding=\"async\" aria-describedby=\"caption-attachment-161566\" class=\"wp-image-161566\" src=\"https:\/\/diarioregionaldigital.com.br\/wp-content\/uploads\/2020\/06\/fotoj-e1591168293115.jpg\" alt=\"\" width=\"680\" height=\"517\" srcset=\"https:\/\/diarioregionaldigital.com.br\/wp-content\/uploads\/2020\/06\/fotoj-e1591168293115.jpg 1069w, https:\/\/diarioregionaldigital.com.br\/wp-content\/uploads\/2020\/06\/fotoj-e1591168293115-300x228.jpg 300w, https:\/\/diarioregionaldigital.com.br\/wp-content\/uploads\/2020\/06\/fotoj-e1591168293115-1024x779.jpg 1024w, https:\/\/diarioregionaldigital.com.br\/wp-content\/uploads\/2020\/06\/fotoj-e1591168293115-768x584.jpg 768w, https:\/\/diarioregionaldigital.com.br\/wp-content\/uploads\/2020\/06\/fotoj-e1591168293115-360x274.jpg 360w\" sizes=\"auto, (max-width: 680px) 100vw, 680px\" \/><p id=\"caption-attachment-161566\" class=\"wp-caption-text\">Fazendo sucesso com clipe \u201cAmorzinho\u201d, o cantor Wally nas plataformas sociais<\/p><\/div>\n<p style=\"text-align: center;\"><strong>FOTOSS\u00cdNTESE<\/strong><\/p>\n<p>Colocando todas as violetas na janela, Lahys Varoto desenvolve um belo trabalho no \u201cSobrancelhas com Arte- Tratamentos Est\u00e9ticos\u201d. Em cena, sobrancelhas na lupa, tintura de sobrancelha, olhos e ar\u00e9ola. Para marcar: 98808-1043.<\/p>\n<p>Talentoso e usando sua habilidade como refer\u00eancia o estilista Carlos Elias da Design &amp; Estilo, est\u00e1 produzindo lindas m\u00e1scaras com estilo moderno e cores discretas. Para encomendas: 99958-5436.<\/p>\n<p>Pedro Barros est\u00e1 com estoque incr\u00edvel no Emp\u00f3rio Center Frios. Nos 4 cantos da loja frios, pat\u00eas. Biscoitos, t\u00e1buas de frios, bomboni\u00e9re, p\u00e3es, queijos, salames, bebidas e tudo para petisco. Para pedir e ser entregue em casa, os fones 3217-9262\/99184-3572.<\/p>\n<p>Em boa hora os hot\u00e9is de Juiz de Fora entraram na lista de servi\u00e7os essenciais. A a\u00e7\u00e3o conjunta do segmento conseguiu incluir a rede hoteleira na onda verde do Estado. O setor serve de suporte para profissionais de sa\u00fade que continuam em atividade.<\/p>\n<p>O cantor juiz-forano Wally faz sucesso no YouTube com o clipe da m\u00fasica \u201cAmorzinho\u201d.<br \/>\nCom as lojas fechadas, o Dia dos Namorados vai ser triste. Vai ser na base do virtual.<\/p>\n<p>As escritoras Cecy Barbosa Campos e Alice Gervason provocam emo\u00e7\u00e3o em lives recitando lindas poesias.<\/p>\n<p>Bares e lojas est\u00e3o fechando em Juiz de Fora devido a crise criada pela onda terr\u00edvel do Coronav\u00edrus.<\/p>\n<p>A fotografa Ta\u00eds Marcato lan\u00e7ou campanha para registrar o cotidiano de fam\u00edlias na quarentena.<\/p>\n<p>Perguntar n\u00e3o ofende: Ser\u00e1 que no futuro, s\u00f3 o aplicativo Zoom poder\u00e1 juntar mais de duas pessoas? Bom dia.<img loading=\"lazy\" decoding=\"async\" class=\"aligncenter size-full wp-image-161575\" src=\"https:\/\/diarioregionaldigital.com.br\/wp-content\/uploads\/2020\/06\/anuncio55-scaled.jpg\" alt=\"\" width=\"2560\" height=\"994\" srcset=\"https:\/\/diarioregionaldigital.com.br\/wp-content\/uploads\/2020\/06\/anuncio55-scaled.jpg 2560w, https:\/\/diarioregionaldigital.com.br\/wp-content\/uploads\/2020\/06\/anuncio55-300x116.jpg 300w, https:\/\/diarioregionaldigital.com.br\/wp-content\/uploads\/2020\/06\/anuncio55-1024x398.jpg 1024w, https:\/\/diarioregionaldigital.com.br\/wp-content\/uploads\/2020\/06\/anuncio55-768x298.jpg 768w, https:\/\/diarioregionaldigital.com.br\/wp-content\/uploads\/2020\/06\/anuncio55-1536x596.jpg 1536w, https:\/\/diarioregionaldigital.com.br\/wp-content\/uploads\/2020\/06\/anuncio55-2048x795.jpg 2048w, https:\/\/diarioregionaldigital.com.br\/wp-content\/uploads\/2020\/06\/anuncio55-360x140.jpg 360w\" sizes=\"auto, (max-width: 2560px) 100vw, 2560px\" \/><\/p>\n","protected":false},"excerpt":{"rendered":"<p>Explica\u00e7\u00f5es Solicitados os representantes da Cemig em Juiz de Fora compareceram \u00e0 C\u00e2mara Municipal de Juiz de Fora para explicarem o aumento nas contas de luz que motivou uma investiga\u00e7\u00e3o do Minist\u00e9rio Publico. A audi\u00eancia foi solicitada pelo vereador Juraci Scheffer e J\u00falio Obama Jr. Responsabilidade Social A crise existe e exige das empresas maior [&hellip;]<\/p>\n","protected":false},"author":96,"featured_media":161557,"comment_status":"closed","ping_status":"closed","sticky":false,"template":"","format":"standard","meta":{"footnotes":""},"categories":[264],"tags":[],"class_list":["post-161572","post","type-post","status-publish","format-standard","has-post-thumbnail","hentry","category-eduardo-gomes"],"_links":{"self":[{"href":"https:\/\/diarioregionaldigital.com.br\/index.php?rest_route=\/wp\/v2\/posts\/161572","targetHints":{"allow":["GET"]}}],"collection":[{"href":"https:\/\/diarioregionaldigital.com.br\/index.php?rest_route=\/wp\/v2\/posts"}],"about":[{"href":"https:\/\/diarioregionaldigital.com.br\/index.php?rest_route=\/wp\/v2\/types\/post"}],"author":[{"embeddable":true,"href":"https:\/\/diarioregionaldigital.com.br\/index.php?rest_route=\/wp\/v2\/users\/96"}],"replies":[{"embeddable":true,"href":"https:\/\/diarioregionaldigital.com.br\/index.php?rest_route=%2Fwp%2Fv2%2Fcomments&post=161572"}],"version-history":[{"count":0,"href":"https:\/\/diarioregionaldigital.com.br\/index.php?rest_route=\/wp\/v2\/posts\/161572\/revisions"}],"wp:featuredmedia":[{"embeddable":true,"href":"https:\/\/diarioregionaldigital.com.br\/index.php?rest_route=\/wp\/v2\/media\/161557"}],"wp:attachment":[{"href":"https:\/\/diarioregionaldigital.com.br\/index.php?rest_route=%2Fwp%2Fv2%2Fmedia&parent=161572"}],"wp:term":[{"taxonomy":"category","embeddable":true,"href":"https:\/\/diarioregionaldigital.com.br\/index.php?rest_route=%2Fwp%2Fv2%2Fcategories&post=161572"},{"taxonomy":"post_tag","embeddable":true,"href":"https:\/\/diarioregionaldigital.com.br\/index.php?rest_route=%2Fwp%2Fv2%2Ftags&post=161572"}],"curies":[{"name":"wp","href":"https:\/\/api.w.org\/{rel}","templated":true}]}}