{"id":161567,"date":"2020-06-02T21:24:14","date_gmt":"2020-06-03T00:24:14","guid":{"rendered":"https:\/\/diarioregionaldigital.com.br\/?p=161567"},"modified":"2020-06-02T21:24:14","modified_gmt":"2020-06-03T00:24:14","slug":"covid-19-brasil-ingressa-em-consorcio-global-para-produzir-vacina","status":"publish","type":"post","link":"https:\/\/diarioregionaldigital.com.br\/?p=161567","title":{"rendered":"Covid-19: Brasil ingressa em cons\u00f3rcio global para produzir vacina"},"content":{"rendered":"<p>O governo federal anunciou, nesta ter\u00e7a-feira (2), a participa\u00e7\u00e3o do Brasil no projeto Acelerador de Vacina (ACT Accelerator), iniciativa internacional para produ\u00e7\u00e3o de vacina, medicamentos e diagn\u00f3sticos contra o novo coronav\u00edrus. O projeto conta com a ades\u00e3o de mais de 44 pa\u00edses, empresas e entidades internacionais, incluindo a Organiza\u00e7\u00e3o Mundial de Sa\u00fade (OMS).<\/p>\n<p>&#8220;Decidimos que o Brasil vai entrar no chamado acelerador de vacinas, que \u00e9 um projeto a\u00ed de v\u00e1rios pa\u00edses e empresas privadas que est\u00e3o buscando investir e trabalhar em conjunto para o desenvolvimento de uma vacina para o Covid-19&#8221;, informou o ministro das Rela\u00e7\u00f5es Exteriores, Ernesto Ara\u00fajo, ap\u00f3s participar de uma reuni\u00e3o, no Pal\u00e1cio do Planalto, para encaminhar a ades\u00e3o do Brasil.<\/p>\n<p>Tamb\u00e9m participaram da reuni\u00e3o, que foi coordenada pelo ministro da Casa Civil, Braga Netto;\u00a0o ministro da Ci\u00eancia, Tecnologia, Inova\u00e7\u00f5es e Comunica\u00e7\u00f5es (MCTIC), Marcos Pontes;\u00a0o ministro interino da Sa\u00fade, Eduardo Pazuello e o secret\u00e1rio Especial de Produtividade, Emprego e Competitividade do Minist\u00e9rio da Economia, Carlos da Costa.<\/p>\n<p>Marcos Pontes destacou a compet\u00eancia internacionalmente reconhecida do Brasil no desenvolvimento e produ\u00e7\u00e3o de vacinas e a qualifica\u00e7\u00e3o dos pesquisadores brasileiros. Segundo ele, a expectativa \u00e9 de que o pa\u00eds, participando dessa iniciativa, possa ter acesso mais r\u00e1pido \u00e0 futura vacina contra o v\u00edrus. &#8220;O Brasil \u00e9 um pa\u00eds que tem uma compet\u00eancia no desenvolvimento de vacinas, a capacidade de nosso pesquisadores e cientistas \u00e9 reconhecida internacionalmente, assim como a capacidade produ\u00e7\u00e3o de vacinas&#8221;, explicou.<\/p>\n<p>O governo infirmou que a Bio-Manguinhos, unidade produtora de imunobiol\u00f3gicos da Funda\u00e7\u00e3o Oswaldo Cruz (Fiocruz), \u00e9 uma das institui\u00e7\u00f5es com capacidade de produzir a vacina no futuro. Al\u00e9m de participar do acelerador de vacina, o ministro Ernesto Ara\u00fajo informou que o pa\u00eds tamb\u00e9m estabelecer\u00e1 coopera\u00e7\u00e3o bilateral com outros pa\u00edses que desenvolvem estudo na \u00e1rea.<\/p>\n<p>&nbsp;<\/p>\n<p><strong>Fonte:\u00a0<\/strong>Ag\u00eancia Brasil<\/p>\n","protected":false},"excerpt":{"rendered":"<p>O governo federal anunciou, nesta ter\u00e7a-feira (2), a participa\u00e7\u00e3o do Brasil no projeto Acelerador de Vacina (ACT Accelerator), iniciativa internacional para produ\u00e7\u00e3o de vacina, medicamentos e diagn\u00f3sticos contra o novo coronav\u00edrus. O projeto conta com a ades\u00e3o de mais de 44 pa\u00edses, empresas e entidades internacionais, incluindo a Organiza\u00e7\u00e3o Mundial de Sa\u00fade (OMS). &#8220;Decidimos que [&hellip;]<\/p>\n","protected":false},"author":96,"featured_media":161568,"comment_status":"closed","ping_status":"closed","sticky":false,"template":"","format":"standard","meta":{"footnotes":""},"categories":[302,436,439],"tags":[],"class_list":["post-161567","post","type-post","status-publish","format-standard","has-post-thumbnail","hentry","category-brasil-mundo","category-destaque-da-semana","category-ultima-hora"],"_links":{"self":[{"href":"https:\/\/diarioregionaldigital.com.br\/index.php?rest_route=\/wp\/v2\/posts\/161567","targetHints":{"allow":["GET"]}}],"collection":[{"href":"https:\/\/diarioregionaldigital.com.br\/index.php?rest_route=\/wp\/v2\/posts"}],"about":[{"href":"https:\/\/diarioregionaldigital.com.br\/index.php?rest_route=\/wp\/v2\/types\/post"}],"author":[{"embeddable":true,"href":"https:\/\/diarioregionaldigital.com.br\/index.php?rest_route=\/wp\/v2\/users\/96"}],"replies":[{"embeddable":true,"href":"https:\/\/diarioregionaldigital.com.br\/index.php?rest_route=%2Fwp%2Fv2%2Fcomments&post=161567"}],"version-history":[{"count":0,"href":"https:\/\/diarioregionaldigital.com.br\/index.php?rest_route=\/wp\/v2\/posts\/161567\/revisions"}],"wp:featuredmedia":[{"embeddable":true,"href":"https:\/\/diarioregionaldigital.com.br\/index.php?rest_route=\/wp\/v2\/media\/161568"}],"wp:attachment":[{"href":"https:\/\/diarioregionaldigital.com.br\/index.php?rest_route=%2Fwp%2Fv2%2Fmedia&parent=161567"}],"wp:term":[{"taxonomy":"category","embeddable":true,"href":"https:\/\/diarioregionaldigital.com.br\/index.php?rest_route=%2Fwp%2Fv2%2Fcategories&post=161567"},{"taxonomy":"post_tag","embeddable":true,"href":"https:\/\/diarioregionaldigital.com.br\/index.php?rest_route=%2Fwp%2Fv2%2Ftags&post=161567"}],"curies":[{"name":"wp","href":"https:\/\/api.w.org\/{rel}","templated":true}]}}