{"id":161554,"date":"2020-06-02T19:10:50","date_gmt":"2020-06-02T22:10:50","guid":{"rendered":"https:\/\/diarioregionaldigital.com.br\/?p=161554"},"modified":"2020-06-02T19:10:50","modified_gmt":"2020-06-02T22:10:50","slug":"governo-lanca-aplicativo-mobiliza-minas-para-facilitar-acoes-solidarias","status":"publish","type":"post","link":"https:\/\/diarioregionaldigital.com.br\/?p=161554","title":{"rendered":"Governo lan\u00e7a aplicativo Mobiliza Minas para facilitar a\u00e7\u00f5es solid\u00e1rias"},"content":{"rendered":"<p>O\u00a0Governo de Minas Gerais lan\u00e7ou nesta ter\u00e7a-feira (2), durante coletiva virtual para a imprensa, o Mobiliza Minas, uma plataforma que conecta a sociedade civil a entidades p\u00fablicas, em prol da solidariedade. O objetivo \u00e9 oferecer uma ferramenta que permita a participa\u00e7\u00e3o efetiva do cidad\u00e3o que deseja ajudar o pr\u00f3ximo em situa\u00e7\u00f5es de crise, seja por meio de doa\u00e7\u00f5es de bens ou de trabalho volunt\u00e1rio.<\/p>\n<p>Segundo o diretor-presidente da\u00a0Companhia de Tecnologia da Informa\u00e7\u00e3o do Estado de Minas Gerais (Prodemge), Rodrigo Paiva, a ideia surgiu no contexto de rompimento da barragem de Brumadinho, em 2019, e foi posta em pr\u00e1tica durante pandemia de covid-19. \u201cQueremos fortalecer o esp\u00edrito colaborativo dos mineiros e a efici\u00eancia das a\u00e7\u00f5es governamentais. Neste momento de emerg\u00eancia social, o Mobiliza Minas \u00e9 uma importante contribui\u00e7\u00e3o da tecnologia para o combate aos efeitos do coronav\u00edrus\u201d, afirmou.<\/p>\n<p>A tradicional campanha \u201cCalor Humano\u201d, do\u00a0Servas, que arrecada agasalhos, cobertores e itens de inverno para pessoas em situa\u00e7\u00e3o de vulnerabilidade social no estado, \u00e9 o primeiro evento inserido no Mobiliza Minas. No aplicativo \u00e9 poss\u00edvel acessar os tipos de donativos solicitados e os locais de recebimento, al\u00e9m de se cadastrar como volunt\u00e1rio da iniciativa.<\/p>\n<p><b>Hospital de Campanha<\/b><\/p>\n<p>O Mobiliza Minas tamb\u00e9m est\u00e1 arrecadando recursos para compra de materiais destinados ao Hospital de Campanha no Expominas, em Belo Horizonte. As pessoas interessadas em contribuir podem acessar as informa\u00e7\u00f5es no aplicativo. \u201cVamos conectar as entidades assistenciais, a sociedade civil e os empres\u00e1rios\u201d, explicou a presidente do Servas, Alexia Paiva.<\/p>\n<p>O trabalho da\u00a0Coordenadoria Estadual de Defesa Civil (Cedec)\u00a0ser\u00e1 beneficiado com a ferramenta, como destacou o superintendente de gest\u00e3o de Desastres, major Eduardo Lopes. \u201cO cadastro de doadores e volunt\u00e1rios vai facilitar as a\u00e7\u00f5es de resposta nos munic\u00edpios que precisam de ajuda. A participa\u00e7\u00e3o de todos \u00e9 fundamental para a Defesa Civil, que j\u00e1 atua de forma integrada com os demais \u00f3rg\u00e3os no enfrentamento aos desastres\u201d, disse.<\/p>\n<p><b>Administra\u00e7\u00e3o<\/b><\/p>\n<p>Al\u00e9m do aplicativo, a solu\u00e7\u00e3o Mobiliza Minas conta ainda com um portal web que concentra as funcionalidades de administra\u00e7\u00e3o. No site gestores p\u00fablicos podem inserir eventos, como campanhas de arrecada\u00e7\u00e3o ou situa\u00e7\u00f5es de calamidade p\u00fablica, e informar a necessidade de doa\u00e7\u00f5es.<\/p>\n<p>Nas pr\u00f3ximas vers\u00f5es, o aplicativo vai englobar tamb\u00e9m funcionalidades de notifica\u00e7\u00e3o de volunt\u00e1rios previamente cadastrados, e divulga\u00e7\u00e3o de boletins oficiais e de trabalhos que envolvam a mobiliza\u00e7\u00e3o da sociedade.<\/p>\n<p>O Mobiliza Minas est\u00e1 sendo conduzido pela Prodemge, com apoio da\u00a0Secretaria de Estado de Desenvolvimento Social (Sedese), do Servas, da Defesa Civil estadual e do\u00a0Corpo de Bombeiros Militar de Minas Gerais (CBMMG). O aplicativo est\u00e1 dispon\u00edvel para Android e iOS. O MG App tamb\u00e9m direciona os interessados para o download da ferramenta.<\/p>\n<p><b>Estrat\u00e9gia de atendimento<\/b><\/p>\n<p>Ainda durante a coletiva, o secret\u00e1rio de Estado de Sa\u00fade, Carlos Eduardo Amaral, esclareceu sobre a possibilidade de transfer\u00eancia de pacientes de uma Macrorregi\u00e3o Sanit\u00e1ria para outra, por eventual alta demanda por interna\u00e7\u00f5es.\u00a0\u201cUma vez que n\u00f3s consideramos que o sistema de sa\u00fade \u00e9 \u00fanico, se n\u00f3s estivermos com uma regi\u00e3o com uma ocupa\u00e7\u00e3o muito grande, temos condi\u00e7\u00e3o de lan\u00e7ar m\u00e3o de fazer o encaminhamento desses pacientes para outras regi\u00f5es\u201d, explicou.<\/p>\n<p>O secret\u00e1rio tamb\u00e9m apresentou os dados por taxa de ocupa\u00e7\u00e3o de leitos em Minas. No momento, est\u00e3o cadastrados no SUS F\u00e1cil e com produ\u00e7\u00e3o 12.026 leitos cl\u00ednicos e 2.695 leitos de UTI. H\u00e1 266 pacientes internados em leitos de UTI, em decorr\u00eancia da covid-19 ou por suspeita da doen\u00e7a e a taxa de ocupa\u00e7\u00e3o est\u00e1 em 9,87%. Em rela\u00e7\u00e3o aos leitos cl\u00ednicos, s\u00e3o 738 pessoas internadas pela covid-19, ou por suspeita da doen\u00e7a e a taxa de ocupa\u00e7\u00e3o est\u00e1 em 6,14%. A taxa de ocupa\u00e7\u00e3o geral de leitos de UTI est\u00e1 em 69,91% e de leitos cl\u00ednicos est\u00e1 em 68,43%.<\/p>\n<p>Amaral adicionou que, em decorr\u00eancia da din\u00e2mica hospitalar, com trocas de turnos, podem ocorrer algumas distor\u00e7\u00f5es, o que demanda trabalho de refinamento das informa\u00e7\u00f5es para apura\u00e7\u00e3o das taxas. Para o gestor, de forma geral, o que configuraria um ponto de alerta seria quando se verifica uma taxa de ocupa\u00e7\u00e3o que passe a casa dos 90%, com perman\u00eancia nesse patamar.<\/p>\n<p>\u201cUltrapassando esse n\u00famero, com a taxa de ocupa\u00e7\u00e3o ficando fixa nessa casa, se n\u00e3o tiver um outro motivo que possa justificar o \u00edndice, isso sim nos chama aten\u00e7\u00e3o no sentido de n\u00f3s passarmos para outras fases do plano de conting\u00eancia. Nesse contexto, havendo necessidade, n\u00f3s podemos transportar pacientes com a covid-19 ou pacientes com outras doen\u00e7as no sentido de desocupar o leito para tratamento\u201d.<\/p>\n<p><b>Testes<\/b><\/p>\n<p>Com rela\u00e7\u00e3o aos testes, o secret\u00e1rio comentou que, a partir da distribui\u00e7\u00e3o dos testes r\u00e1pidos, muitos munic\u00edpios aumentaram consideravelmente a testagem, fator que trouxe um n\u00famero grande de diagn\u00f3sticos. Carlos Eduardo Amaral ainda informou que a SES-MG est\u00e1 desenvolvendo estudos, em conjunto com Funda\u00e7\u00e3o Hemominas, de forma que a testagem na popula\u00e7\u00e3o tenha viabilidade de ser ampliada.<\/p>\n<p>&nbsp;<\/p>\n<p><strong>Fonte:\u00a0<\/strong>Ag\u00eancia Minad<\/p>\n","protected":false},"excerpt":{"rendered":"<p>O\u00a0Governo de Minas Gerais lan\u00e7ou nesta ter\u00e7a-feira (2), durante coletiva virtual para a imprensa, o Mobiliza Minas, uma plataforma que conecta a sociedade civil a entidades p\u00fablicas, em prol da solidariedade. O objetivo \u00e9 oferecer uma ferramenta que permita a participa\u00e7\u00e3o efetiva do cidad\u00e3o que deseja ajudar o pr\u00f3ximo em situa\u00e7\u00f5es de crise, seja por [&hellip;]<\/p>\n","protected":false},"author":96,"featured_media":161555,"comment_status":"closed","ping_status":"closed","sticky":false,"template":"","format":"standard","meta":{"footnotes":""},"categories":[436,254,439],"tags":[],"class_list":["post-161554","post","type-post","status-publish","format-standard","has-post-thumbnail","hentry","category-destaque-da-semana","category-politica","category-ultima-hora"],"_links":{"self":[{"href":"https:\/\/diarioregionaldigital.com.br\/index.php?rest_route=\/wp\/v2\/posts\/161554","targetHints":{"allow":["GET"]}}],"collection":[{"href":"https:\/\/diarioregionaldigital.com.br\/index.php?rest_route=\/wp\/v2\/posts"}],"about":[{"href":"https:\/\/diarioregionaldigital.com.br\/index.php?rest_route=\/wp\/v2\/types\/post"}],"author":[{"embeddable":true,"href":"https:\/\/diarioregionaldigital.com.br\/index.php?rest_route=\/wp\/v2\/users\/96"}],"replies":[{"embeddable":true,"href":"https:\/\/diarioregionaldigital.com.br\/index.php?rest_route=%2Fwp%2Fv2%2Fcomments&post=161554"}],"version-history":[{"count":0,"href":"https:\/\/diarioregionaldigital.com.br\/index.php?rest_route=\/wp\/v2\/posts\/161554\/revisions"}],"wp:featuredmedia":[{"embeddable":true,"href":"https:\/\/diarioregionaldigital.com.br\/index.php?rest_route=\/wp\/v2\/media\/161555"}],"wp:attachment":[{"href":"https:\/\/diarioregionaldigital.com.br\/index.php?rest_route=%2Fwp%2Fv2%2Fmedia&parent=161554"}],"wp:term":[{"taxonomy":"category","embeddable":true,"href":"https:\/\/diarioregionaldigital.com.br\/index.php?rest_route=%2Fwp%2Fv2%2Fcategories&post=161554"},{"taxonomy":"post_tag","embeddable":true,"href":"https:\/\/diarioregionaldigital.com.br\/index.php?rest_route=%2Fwp%2Fv2%2Ftags&post=161554"}],"curies":[{"name":"wp","href":"https:\/\/api.w.org\/{rel}","templated":true}]}}