{"id":161544,"date":"2020-06-02T17:20:32","date_gmt":"2020-06-02T20:20:32","guid":{"rendered":"https:\/\/diarioregionaldigital.com.br\/?p=161544"},"modified":"2020-06-02T17:20:32","modified_gmt":"2020-06-02T20:20:32","slug":"vereadores-derrubam-veto-ao-projeto-de-lei-que-determina-a-instalacao-de-dispensadores-de-alcool-em-gel-nos-onibus","status":"publish","type":"post","link":"https:\/\/diarioregionaldigital.com.br\/?p=161544","title":{"rendered":"Vereadores derrubam veto ao projeto de lei que determina a instala\u00e7\u00e3o de dispensadores de \u00e1lcool em gel nos \u00f4nibus"},"content":{"rendered":"<p><span style=\"font-weight: 400;\">Com o objetivo de reduzir a prolifera\u00e7\u00e3o do novo Coronav\u00edrus em Juiz de Fora, projeto de lei do vereador Cido Reis (PSB) torna obrigat\u00f3rio que os \u00f4nibus sejam equipados com dispensadores de \u00e1lcool em gel abastecidos. O projeto foi sancionado parcialmente pelo Executivo. Na reuni\u00e3o ordin\u00e1ria realizada na C\u00e2mara Municipal,\u00a0 o artigo vetado pela Prefeitura foi discutido pelos parlamentares, que optaram por rejeitar o veto.\u00a0<\/span><\/p>\n<p><span style=\"font-weight: 400;\">O Executivo havia vetado o artigo 3\u00ba do projeto de lei, que determina que as despesas para instala\u00e7\u00e3o dos dispensadores devem ser pagas pelas empresas de \u00f4nibus. O artigo tamb\u00e9m exclui a possibilidade de reembolso por parte do Executivo ou de repasse dos gastos aos usu\u00e1rios. Os vereadores derrubaram o veto parcial e, portanto, mantiveram as determina\u00e7\u00f5es do artigo 3\u00ba.\u00a0<\/span><\/p>\n<p><span style=\"font-weight: 400;\">As empresas concession\u00e1rios do servi\u00e7o de transporte coletivo que descumprirem a medida ser\u00e3o advertidas. Na primeira reincid\u00eancia, o valor da multa ser\u00e1 de 5 mil reais para cada ve\u00edculo da frota em desacordo com a lei. Caso o descumprimento prossiga, o valor aumenta para 10 mil reais e, a partir da terceira ocorr\u00eancia, a multa aplicada ser\u00e1 de 15 mil reais.\u00a0<\/span><\/p>\n<p><span style=\"font-weight: 400;\">Cido Reis ressalta que disponibilizar \u00e1lcool em gel para usu\u00e1rios e funcion\u00e1rios do transporte coletivo \u00e9 uma medida simples e eficaz para diminuir a possibilidade de cont\u00e1gio. \u201cO poder de infectividade do v\u00edrus \u00e9 alto, e as pessoas contaminadas t\u00eam grande capacidade de espalhar o vetor, sobretudo quando tossem, espirram ou falam a menos de um metro das outras. Isso \u00e9 agravado quando a pessoa infectada tosse ou espirra nas m\u00e3os e, depois, por instinto, segura-se nos lugares em que outros tamb\u00e9m v\u00e3o se segurar\u201d, afirma o vereador.\u00a0<\/span><\/p>\n<p><span style=\"font-weight: 400;\">A derrubada do veto \u00e9 informada ao prefeito por meio de of\u00edcio da Presid\u00eancia. Ap\u00f3s receber o documento, o chefe do Executivo deve promulgar a lei em at\u00e9 48 horas. Caso n\u00e3o seja promulgada pela Prefeitura dentro do prazo, a lei dever\u00e1 ser publicada pelo presidente da C\u00e2mara Municipal.\u00a0<\/span><\/p>\n<p>&nbsp;<\/p>\n<p><strong>Fonte:<\/strong> Assessoria<\/p>\n","protected":false},"excerpt":{"rendered":"<p>Com o objetivo de reduzir a prolifera\u00e7\u00e3o do novo Coronav\u00edrus em Juiz de Fora, projeto de lei do vereador Cido Reis (PSB) torna obrigat\u00f3rio que os \u00f4nibus sejam equipados com dispensadores de \u00e1lcool em gel abastecidos. O projeto foi sancionado parcialmente pelo Executivo. Na reuni\u00e3o ordin\u00e1ria realizada na C\u00e2mara Municipal,\u00a0 o artigo vetado pela Prefeitura [&hellip;]<\/p>\n","protected":false},"author":96,"featured_media":161545,"comment_status":"closed","ping_status":"closed","sticky":false,"template":"","format":"standard","meta":{"footnotes":""},"categories":[436,254,439],"tags":[],"class_list":["post-161544","post","type-post","status-publish","format-standard","has-post-thumbnail","hentry","category-destaque-da-semana","category-politica","category-ultima-hora"],"_links":{"self":[{"href":"https:\/\/diarioregionaldigital.com.br\/index.php?rest_route=\/wp\/v2\/posts\/161544","targetHints":{"allow":["GET"]}}],"collection":[{"href":"https:\/\/diarioregionaldigital.com.br\/index.php?rest_route=\/wp\/v2\/posts"}],"about":[{"href":"https:\/\/diarioregionaldigital.com.br\/index.php?rest_route=\/wp\/v2\/types\/post"}],"author":[{"embeddable":true,"href":"https:\/\/diarioregionaldigital.com.br\/index.php?rest_route=\/wp\/v2\/users\/96"}],"replies":[{"embeddable":true,"href":"https:\/\/diarioregionaldigital.com.br\/index.php?rest_route=%2Fwp%2Fv2%2Fcomments&post=161544"}],"version-history":[{"count":0,"href":"https:\/\/diarioregionaldigital.com.br\/index.php?rest_route=\/wp\/v2\/posts\/161544\/revisions"}],"wp:featuredmedia":[{"embeddable":true,"href":"https:\/\/diarioregionaldigital.com.br\/index.php?rest_route=\/wp\/v2\/media\/161545"}],"wp:attachment":[{"href":"https:\/\/diarioregionaldigital.com.br\/index.php?rest_route=%2Fwp%2Fv2%2Fmedia&parent=161544"}],"wp:term":[{"taxonomy":"category","embeddable":true,"href":"https:\/\/diarioregionaldigital.com.br\/index.php?rest_route=%2Fwp%2Fv2%2Fcategories&post=161544"},{"taxonomy":"post_tag","embeddable":true,"href":"https:\/\/diarioregionaldigital.com.br\/index.php?rest_route=%2Fwp%2Fv2%2Ftags&post=161544"}],"curies":[{"name":"wp","href":"https:\/\/api.w.org\/{rel}","templated":true}]}}