{"id":161538,"date":"2020-06-02T15:54:18","date_gmt":"2020-06-02T18:54:18","guid":{"rendered":"https:\/\/diarioregionaldigital.com.br\/?p=161538"},"modified":"2020-06-02T15:54:18","modified_gmt":"2020-06-02T18:54:18","slug":"jogador-cazares-do-atletico-mg-e-multado-por-promover-festa-apos-realizar-exame-de-coronavirus","status":"publish","type":"post","link":"https:\/\/diarioregionaldigital.com.br\/?p=161538","title":{"rendered":"Jogador Cazares do Atl\u00e9tico-MG \u00e9 multado por promover festa ap\u00f3s realizar exame de Coronav\u00edrus"},"content":{"rendered":"<p><span style=\"font-weight: 400;\">O meia Juan Cazares do Atl\u00e9tico-MG, foi multado no valor de R$130 mil pela prefeitura de Lagoa Santa, por promover festa em sua casa, que contou com a presen\u00e7a de v\u00e1rios convidados nesse \u00faltimo fim de semana.<\/span><\/p>\n<p><span style=\"font-weight: 400;\">O atleta havia sido denunciado anteriormente por moradores do condom\u00ednio em que mora, por promover uma festa no \u00faltimo dia 15. Ap\u00f3s novas den\u00fancias, <\/span><span style=\"font-weight: 400;\">os fiscais da prefeitura e a Pol\u00edcia Militar (PM) foram ao local e constataram a confraterniza\u00e7\u00e3o. Agora, a Vigil\u00e2ncia Sanit\u00e1ria deve aplicar penalidade financeira m\u00e1xima em Cazares.\u00a0<\/span><\/p>\n<p><span style=\"font-weight: 400;\">O diretor de Regula\u00e7\u00e3o Urbana de Lagoa Santa, Henrique Melo, diz que a festa feita pelo jogador n\u00e3o tinha cunho familiar e que o atleta receber\u00e1 pena m\u00e1xima:<\/span><\/p>\n<p><span style=\"font-weight: 400;\">\u201cA fiscaliza\u00e7\u00e3o foi ao local, a Pol\u00edcia Militar deu o apoio necess\u00e1rio, e foi constatado realmente uma festa sem nenhum cunho familiar. Os pr\u00f3prios cond\u00f4minos, o s\u00edndico, foi todo mundo que fez a den\u00fancia a favor dessa interven\u00e7\u00e3o. A multa m\u00e1xima, a vigil\u00e2ncia deve aplicar em torno de R$ 130 mil reais.\u201d<\/span><\/p>\n<p><span style=\"font-weight: 400;\">Al\u00e9m de violar as normas estabelecidas para evitar a propaga\u00e7\u00e3o do Coronav\u00edrus, Cazares j\u00e1 estava na mira das autoridades de sa\u00fade da Lagoa Santa, ap\u00f3s os convidados procurarem postos de sa\u00fade. Segundo Henrique Melo, foi constatado a presen\u00e7a de uma van transportando os convidados para a festa. Al\u00e9m disso, o condom\u00ednio tem um livro de anota\u00e7\u00f5es com os nomes dos visitantes que estiveram no local e que todas essas pessoas ser\u00e3o consultadas:<\/span><\/p>\n<p><span style=\"font-weight: 400;\">\u201cV\u00e1rias pessoas procuraram os postos de sa\u00fade e ficar\u00e3o em quarentena. As medidas do pessoal de sa\u00fade foram muito assertivas nisso. O livro de visitantes do condom\u00ednio foi consultado, essas pessoas v\u00e3o ser procuradas uma a uma, as pessoas t\u00eam que ficar em quarentena, as pessoas tem ser acompanhadas pela secretaria de sa\u00fade. Os integrantes da festas ser\u00e3o acompanhados de perto. Veio at\u00e9 Van de fora para voc\u00ea ter a no\u00e7\u00e3o da quantidade de pessoas que foram chamadas para essa aglomera\u00e7\u00e3o. Empregados dele que circulam pelo condom\u00ednio, todos esses v\u00e3o ter acompanhamentos pr\u00f3ximos, isolamento for\u00e7ado, nesse caso tem que fazer a quarentena, e os familiares inclusive.\u201d<\/span><\/p>\n<p><span style=\"font-weight: 400;\">A assessoria do Atl\u00e9tico-MG afirmou que Cazares passou pelos exames e testou positivo para Covid-19. Os exames foram realizados no s\u00e1bado e o jogador apresentava quadro assintom\u00e1tico e foi prontamente afastado das atividades do clube, com acompanhamento m\u00e9dico. Henrique Melo diz a referida festa ocorreu antes do clube informar o resultado dos exames:<\/span><\/p>\n<p><span style=\"font-weight: 400;\">\u201cEssa festa foi no final de semana anterior do Atl\u00e9tico publicar que ele est\u00e1 com Covid, mas as medidas v\u00eam sendo tomadas com ele h\u00e1 bastante tempo. Ele \u00e9 reincidente nessa pr\u00e1tica de festas fora de hora no condom\u00ednio\u201d &#8211; disse o diretor de Regula\u00e7\u00e3o Urbana de Lagoa Santa.<\/span><\/p>\n<p><span style=\"font-weight: 400;\">Posteriormente, a prefeitura da cidade confirmou que a referida festa ocorreu, na verdade, no dia 15 de maio. De acordo com administra\u00e7\u00e3o municipal, foram tr\u00eas festas com aglomera\u00e7\u00e3o. A primeira na semana anterior ao dia 15, quando Cazares foi notificado. No dia 15, a segunda festa, com a aplica\u00e7\u00e3o da multa. Por fim, no dia 30 de maio, quando passou pelos exames no Atl\u00e9tico.<\/span><\/p>\n<p><span style=\"font-weight: 400;\">Por meio da assessoria de imprensa do clube, o Atl\u00e9tico informou que ir\u00e1 apurar os fatos e tomar as medidas cab\u00edveis.<\/span><\/p>\n","protected":false},"excerpt":{"rendered":"<p>O meia Juan Cazares do Atl\u00e9tico-MG, foi multado no valor de R$130 mil pela prefeitura de Lagoa Santa, por promover festa em sua casa, que contou com a presen\u00e7a de v\u00e1rios convidados nesse \u00faltimo fim de semana. O atleta havia sido denunciado anteriormente por moradores do condom\u00ednio em que mora, por promover uma festa no [&hellip;]<\/p>\n","protected":false},"author":96,"featured_media":161539,"comment_status":"closed","ping_status":"closed","sticky":false,"template":"","format":"standard","meta":{"footnotes":""},"categories":[436,257,439],"tags":[],"class_list":["post-161538","post","type-post","status-publish","format-standard","has-post-thumbnail","hentry","category-destaque-da-semana","category-esporte","category-ultima-hora"],"_links":{"self":[{"href":"https:\/\/diarioregionaldigital.com.br\/index.php?rest_route=\/wp\/v2\/posts\/161538","targetHints":{"allow":["GET"]}}],"collection":[{"href":"https:\/\/diarioregionaldigital.com.br\/index.php?rest_route=\/wp\/v2\/posts"}],"about":[{"href":"https:\/\/diarioregionaldigital.com.br\/index.php?rest_route=\/wp\/v2\/types\/post"}],"author":[{"embeddable":true,"href":"https:\/\/diarioregionaldigital.com.br\/index.php?rest_route=\/wp\/v2\/users\/96"}],"replies":[{"embeddable":true,"href":"https:\/\/diarioregionaldigital.com.br\/index.php?rest_route=%2Fwp%2Fv2%2Fcomments&post=161538"}],"version-history":[{"count":0,"href":"https:\/\/diarioregionaldigital.com.br\/index.php?rest_route=\/wp\/v2\/posts\/161538\/revisions"}],"wp:featuredmedia":[{"embeddable":true,"href":"https:\/\/diarioregionaldigital.com.br\/index.php?rest_route=\/wp\/v2\/media\/161539"}],"wp:attachment":[{"href":"https:\/\/diarioregionaldigital.com.br\/index.php?rest_route=%2Fwp%2Fv2%2Fmedia&parent=161538"}],"wp:term":[{"taxonomy":"category","embeddable":true,"href":"https:\/\/diarioregionaldigital.com.br\/index.php?rest_route=%2Fwp%2Fv2%2Fcategories&post=161538"},{"taxonomy":"post_tag","embeddable":true,"href":"https:\/\/diarioregionaldigital.com.br\/index.php?rest_route=%2Fwp%2Fv2%2Ftags&post=161538"}],"curies":[{"name":"wp","href":"https:\/\/api.w.org\/{rel}","templated":true}]}}