{"id":161535,"date":"2020-06-02T15:12:14","date_gmt":"2020-06-02T18:12:14","guid":{"rendered":"https:\/\/diarioregionaldigital.com.br\/?p=161535"},"modified":"2020-06-02T15:12:14","modified_gmt":"2020-06-02T18:12:14","slug":"f1-confirma-data-oficial-para-inicio-da-temporada","status":"publish","type":"post","link":"https:\/\/diarioregionaldigital.com.br\/?p=161535","title":{"rendered":"F1 confirma data oficial para in\u00edcio da temporada"},"content":{"rendered":"<p><span style=\"font-weight: 400;\">Ap\u00f3s semanas de estudos e avalia\u00e7\u00f5es sobre o calend\u00e1rio da temporada, a F1 definiu nessa ter\u00e7a-feira (2) a data oficial para o in\u00edcio do campeonato, no Circuito de Red Bull Ring na \u00c1ustria. A pista ser\u00e1 palco das duas primeiras provas do calend\u00e1rio: de 3 a 5 de julho e 10 a 12 de julho. Al\u00e9m disso, o Circuito de Silverstone na Inglaterra, tamb\u00e9m receber\u00e1 duas provas seguidas, uma de 31 de julho a 2 de agosto e a outra de 7 a 9 de agosto, para celebrar anivers\u00e1rio de 70 anos da F1. Al\u00e9m dessas provas, est\u00e3o inclu\u00eddas Hungria, Espanha, B\u00e9lgica e It\u00e1lia. Todas as oito corridas ser\u00e3o realizadas com port\u00f5es fechados<\/span><\/p>\n<p><span style=\"font-weight: 400;\">At\u00e9 ent\u00e3o, a Federa\u00e7\u00e3o Internacional de Automobilismo (FIA), junto com os dirigentes e equipes da categoria, definiram as datas de oito provas, todas em continente europeu Quanto \u00e0s outras corridas, ser\u00e1 feita uma avalia\u00e7\u00e3o para defini\u00e7\u00e3o das datas, que deve ser decidida nas pr\u00f3ximas semanas.<\/span><\/p>\n<p><span style=\"font-weight: 400;\">O CEO da Liberty Media (empresa dona dos direitos da F1), Chase Carey, diz que foram feitos trabalhos incans\u00e1veis que tornassem poss\u00edvel a realiza\u00e7\u00e3o da nova temporada e que o calend\u00e1rio completo deve sair em breve:<\/span><\/p>\n<p><span style=\"font-weight: 400;\">\u201cEstamos satisfeitos por podermos definir nosso calend\u00e1rio de oito corridas de abertura hoje e esperamos publicar nosso calend\u00e1rio completo nas pr\u00f3ximas semanas. Quero agradecer a todos os promotores e parceiros pelo apoio e compromisso cont\u00ednuo com a F\u00f3rmula 1. Embora atualmente esperemos que a temporada comece sem f\u00e3s em nossas corridas, esperamos que nos pr\u00f3ximos meses a situa\u00e7\u00e3o nos permita receb\u00ea-los de volta quando for seguro, mas sabemos que o retorno da F\u00f3rmula 1 ser\u00e1 um impulso bem-vindo para f\u00e3s de esportes de todo o mundo &#8220;.<\/span><\/p>\n<p><b>Confira parte do calend\u00e1rio da temporada:<\/b><\/p>\n<table>\n<tbody>\n<tr>\n<td><span style=\"font-weight: 400;\">DATA<\/span><\/td>\n<td><span style=\"font-weight: 400;\">CORRIDA<\/span><\/td>\n<td><span style=\"font-weight: 400;\">CIRCUITO<\/span><\/td>\n<\/tr>\n<tr>\n<td><span style=\"font-weight: 400;\">5 DE JULHO<\/span><\/td>\n<td><span style=\"font-weight: 400;\">GP DA \u00c1USTRIA<\/span><\/td>\n<td><span style=\"font-weight: 400;\">RED BULL RING<\/span><\/td>\n<\/tr>\n<tr>\n<td><span style=\"font-weight: 400;\">12 DE JULHO<\/span><\/td>\n<td><span style=\"font-weight: 400;\">GP DA \u00c1USTRIA<\/span><\/td>\n<td><span style=\"font-weight: 400;\">RED BULL RING<\/span><\/td>\n<\/tr>\n<tr>\n<td><span style=\"font-weight: 400;\">19 DE JULHO<\/span><\/td>\n<td><span style=\"font-weight: 400;\">GP DA HUNGRIA<\/span><\/td>\n<td><span style=\"font-weight: 400;\">HUNGARORING<\/span><\/td>\n<\/tr>\n<tr>\n<td><span style=\"font-weight: 400;\">2 DE AGOSTO<\/span><\/td>\n<td><span style=\"font-weight: 400;\">GP DA INGLATERRA<\/span><\/td>\n<td><span style=\"font-weight: 400;\">SILVERSTONE<\/span><\/td>\n<\/tr>\n<tr>\n<td><span style=\"font-weight: 400;\">9 DE AGOSTO<\/span><\/td>\n<td><span style=\"font-weight: 400;\">GP 70\u00ba ANIVERS\u00c1RIO DA F1<\/span><\/td>\n<td><span style=\"font-weight: 400;\">SILVERSTONE<\/span><\/td>\n<\/tr>\n<tr>\n<td><span style=\"font-weight: 400;\">16 DE AGOSTO<\/span><\/td>\n<td><span style=\"font-weight: 400;\">GP DA ESPANHA<\/span><\/td>\n<td><span style=\"font-weight: 400;\">BARCELONA<\/span><\/td>\n<\/tr>\n<tr>\n<td><span style=\"font-weight: 400;\">30 DE AGOSTO<\/span><\/td>\n<td><span style=\"font-weight: 400;\">GP DA B\u00c9LGICA<\/span><\/td>\n<td><span style=\"font-weight: 400;\">SPA-FRANCORCHAMPS<\/span><\/td>\n<\/tr>\n<tr>\n<td><span style=\"font-weight: 400;\">6 DE SETEMBRO<\/span><\/td>\n<td><span style=\"font-weight: 400;\">GP DA IT\u00c1LIA\u00a0<\/span><\/td>\n<td><span style=\"font-weight: 400;\">MONZA<\/span><\/td>\n<\/tr>\n<\/tbody>\n<\/table>\n<p>&nbsp;<\/p>\n<p>&nbsp;<\/p>\n","protected":false},"excerpt":{"rendered":"<p>Ap\u00f3s semanas de estudos e avalia\u00e7\u00f5es sobre o calend\u00e1rio da temporada, a F1 definiu nessa ter\u00e7a-feira (2) a data oficial para o in\u00edcio do campeonato, no Circuito de Red Bull Ring na \u00c1ustria. A pista ser\u00e1 palco das duas primeiras provas do calend\u00e1rio: de 3 a 5 de julho e 10 a 12 de julho. [&hellip;]<\/p>\n","protected":false},"author":96,"featured_media":161536,"comment_status":"closed","ping_status":"closed","sticky":false,"template":"","format":"standard","meta":{"footnotes":""},"categories":[436,257,439],"tags":[],"class_list":["post-161535","post","type-post","status-publish","format-standard","has-post-thumbnail","hentry","category-destaque-da-semana","category-esporte","category-ultima-hora"],"_links":{"self":[{"href":"https:\/\/diarioregionaldigital.com.br\/index.php?rest_route=\/wp\/v2\/posts\/161535","targetHints":{"allow":["GET"]}}],"collection":[{"href":"https:\/\/diarioregionaldigital.com.br\/index.php?rest_route=\/wp\/v2\/posts"}],"about":[{"href":"https:\/\/diarioregionaldigital.com.br\/index.php?rest_route=\/wp\/v2\/types\/post"}],"author":[{"embeddable":true,"href":"https:\/\/diarioregionaldigital.com.br\/index.php?rest_route=\/wp\/v2\/users\/96"}],"replies":[{"embeddable":true,"href":"https:\/\/diarioregionaldigital.com.br\/index.php?rest_route=%2Fwp%2Fv2%2Fcomments&post=161535"}],"version-history":[{"count":0,"href":"https:\/\/diarioregionaldigital.com.br\/index.php?rest_route=\/wp\/v2\/posts\/161535\/revisions"}],"wp:featuredmedia":[{"embeddable":true,"href":"https:\/\/diarioregionaldigital.com.br\/index.php?rest_route=\/wp\/v2\/media\/161536"}],"wp:attachment":[{"href":"https:\/\/diarioregionaldigital.com.br\/index.php?rest_route=%2Fwp%2Fv2%2Fmedia&parent=161535"}],"wp:term":[{"taxonomy":"category","embeddable":true,"href":"https:\/\/diarioregionaldigital.com.br\/index.php?rest_route=%2Fwp%2Fv2%2Fcategories&post=161535"},{"taxonomy":"post_tag","embeddable":true,"href":"https:\/\/diarioregionaldigital.com.br\/index.php?rest_route=%2Fwp%2Fv2%2Ftags&post=161535"}],"curies":[{"name":"wp","href":"https:\/\/api.w.org\/{rel}","templated":true}]}}