{"id":161515,"date":"2020-06-02T11:05:02","date_gmt":"2020-06-02T14:05:02","guid":{"rendered":"https:\/\/diarioregionaldigital.com.br\/?p=161515"},"modified":"2020-06-02T11:05:02","modified_gmt":"2020-06-02T14:05:02","slug":"mulheres-sao-rendidas-por-assaltantes-no-barbosa-lage","status":"publish","type":"post","link":"https:\/\/diarioregionaldigital.com.br\/?p=161515","title":{"rendered":"Mulheres s\u00e3o rendidas por assaltantes no Barbosa Lage"},"content":{"rendered":"<p>Um grupo de tr\u00eas mulheres, com idade entre 27 e 39 anos, foram abordadas e assaltadas por cinco indiv\u00edduos em um ve\u00edculo no Bairro Barbosa Lage (Regi\u00e3o Norte) na noite dessa segunda-feira (1) em Juiz de Fora. Ap\u00f3s a abordagem, os autores levaram celulares, bolsas e dinheiros das v\u00edtimas, sendo que um deles estava armado com um simulacro. Ap\u00f3s o ato, os autores fugiram do local.<\/p>\n<p>A Pol\u00edcia Militar (PM) foi acionada e foi localizaram com exito os autores e o ve\u00edculo utilizado no crime, al\u00e9m de apreenderem o simulacro da arma de fogo. Os pertences das v\u00edtimas foram recuperado e os autores foram encaminhados para a Delegacia.<\/p>\n","protected":false},"excerpt":{"rendered":"<p>Um grupo de tr\u00eas mulheres, com idade entre 27 e 39 anos, foram abordadas e assaltadas por cinco indiv\u00edduos em um ve\u00edculo no Bairro Barbosa Lage (Regi\u00e3o Norte) na noite dessa segunda-feira (1) em Juiz de Fora. Ap\u00f3s a abordagem, os autores levaram celulares, bolsas e dinheiros das v\u00edtimas, sendo que um deles estava armado [&hellip;]<\/p>\n","protected":false},"author":96,"featured_media":161269,"comment_status":"closed","ping_status":"closed","sticky":false,"template":"","format":"standard","meta":{"footnotes":""},"categories":[301,436,439],"tags":[],"class_list":["post-161515","post","type-post","status-publish","format-standard","has-post-thumbnail","hentry","category-artigos-policiais","category-destaque-da-semana","category-ultima-hora"],"_links":{"self":[{"href":"https:\/\/diarioregionaldigital.com.br\/index.php?rest_route=\/wp\/v2\/posts\/161515","targetHints":{"allow":["GET"]}}],"collection":[{"href":"https:\/\/diarioregionaldigital.com.br\/index.php?rest_route=\/wp\/v2\/posts"}],"about":[{"href":"https:\/\/diarioregionaldigital.com.br\/index.php?rest_route=\/wp\/v2\/types\/post"}],"author":[{"embeddable":true,"href":"https:\/\/diarioregionaldigital.com.br\/index.php?rest_route=\/wp\/v2\/users\/96"}],"replies":[{"embeddable":true,"href":"https:\/\/diarioregionaldigital.com.br\/index.php?rest_route=%2Fwp%2Fv2%2Fcomments&post=161515"}],"version-history":[{"count":0,"href":"https:\/\/diarioregionaldigital.com.br\/index.php?rest_route=\/wp\/v2\/posts\/161515\/revisions"}],"wp:featuredmedia":[{"embeddable":true,"href":"https:\/\/diarioregionaldigital.com.br\/index.php?rest_route=\/wp\/v2\/media\/161269"}],"wp:attachment":[{"href":"https:\/\/diarioregionaldigital.com.br\/index.php?rest_route=%2Fwp%2Fv2%2Fmedia&parent=161515"}],"wp:term":[{"taxonomy":"category","embeddable":true,"href":"https:\/\/diarioregionaldigital.com.br\/index.php?rest_route=%2Fwp%2Fv2%2Fcategories&post=161515"},{"taxonomy":"post_tag","embeddable":true,"href":"https:\/\/diarioregionaldigital.com.br\/index.php?rest_route=%2Fwp%2Fv2%2Ftags&post=161515"}],"curies":[{"name":"wp","href":"https:\/\/api.w.org\/{rel}","templated":true}]}}