{"id":161512,"date":"2020-06-02T10:50:19","date_gmt":"2020-06-02T13:50:19","guid":{"rendered":"https:\/\/diarioregionaldigital.com.br\/?p=161512"},"modified":"2020-06-02T10:50:19","modified_gmt":"2020-06-02T13:50:19","slug":"vereadores-recebem-secretarios-da-pjf-para-explicacoes-sobre-credito-extraordinario-de-r-26-milhoes-para-a-saude","status":"publish","type":"post","link":"https:\/\/diarioregionaldigital.com.br\/?p=161512","title":{"rendered":"Vereadores recebem secret\u00e1rios da PJF para explica\u00e7\u00f5es sobre cr\u00e9dito extraordin\u00e1rio de R$ 26 milh\u00f5es para a sa\u00fade"},"content":{"rendered":"<p><span style=\"font-weight: 400;\">Na tarde de segunda-feira (1), o Plen\u00e1rio da C\u00e2mara sediou uma reuni\u00e3o convocada pelos vereadores para que representantes da Prefeitura apresentassem, com transmiss\u00e3o pela JFTV C\u00e2mara canal 35, a fundamenta\u00e7\u00e3o legal e as fontes do Decreto n\u00ba 13937 publicado em 30 de abril, que abre cr\u00e9dito extraordin\u00e1rio no valor de R$ 26 milh\u00f5es para a Secretaria Municipal de Sa\u00fade. A nova norma busca abrir espa\u00e7o no or\u00e7amento para que o munic\u00edpio atenda as despesas necess\u00e1rias no enfrentamento da COVID-19, sendo o cr\u00e9dito extraordin\u00e1rio o instrumento que ampara as necessidades imprevis\u00edveis, ou seja, as que n\u00e3o estavam na Lei Or\u00e7ament\u00e1ria Anual (LOA), como \u00e9 o caso das despesas geradas com a calamidade p\u00fablica do novo Coronav\u00edrus.<\/span><\/p>\n<p><span style=\"font-weight: 400;\">Estiveram presentes para discutir o tema os vereadores Ant\u00f4nio Aguiar (DEM), J\u00falio Obama Jr. (PODE), Juraci Sheffer (PT), Marlon Siqueira (Progressista), Sargento Mello Casal (PTB), Vagner de Oliveira (PSC), Wanderson Castelar (PT) e Z\u00e9 M\u00e1rcio &#8211; Garotinho (PV), al\u00e9m do Secret\u00e1rios de Sa\u00fade, Rodrigo Almeida; de Desenvolvimento, L\u00facio S\u00e1 Fortes; o Secret\u00e1rio Adjunto de Sa\u00fade, Lourivaldo Rocha; o Secret\u00e1rio Executivo do Conselho Municipal de Sa\u00fade, Jorge Ramos; e o Subsecret\u00e1rio de Planejamento, Anderson Furtado.\u00a0<\/span><\/p>\n<p><span style=\"font-weight: 400;\">O Decreto publicado no final do m\u00eas de abril abre o cr\u00e9dito extraordin\u00e1rio para o exerc\u00edcio financeiro de 2020 com amparo legal na Lei 4320\/ 64, que disp\u00f5e sobre os cr\u00e9ditos adicionais, entre eles o extraordin\u00e1rio, e tamb\u00e9m com base no\u00a0 Decreto Municipal n\u00ba 13.920, de 07 de abril de 2020, que declara estado de calamidade p\u00fablica em Juiz de Fora. A nova norma busca corrigir o que n\u00e3o estava previsto na LOA para atender um conjunto de medidas coordenadas, com a\u00e7\u00f5es de preven\u00e7\u00e3o, prepara\u00e7\u00e3o e assist\u00eancia \u00e0 popula\u00e7\u00e3o. De acordo com o texto, os recursos poder\u00e3o ser liberados pelo Minist\u00e9rio da Sa\u00fade, Secretaria Estadual de Sa\u00fade, casas legislativas por meio de emendas parlamentares, tesouro municipal e outra fonte n\u00e3o identificada anteriormente.<\/span><\/p>\n<p><span style=\"font-weight: 400;\">Sobre essas fontes o secret\u00e1rio de Sa\u00fade, Rodrigo Almeida, explicou que o decreto abre cr\u00e9dito para que a Prefeitura receba doa\u00e7\u00f5es de particulares, por exemplo. O dinheiro s\u00f3 poder\u00e1 ser usado na secretaria de Sa\u00fade e nas subfun\u00e7\u00f5es constantes no anexo do decreto, a saber Administra\u00e7\u00e3o Geral; Aten\u00e7\u00e3o B\u00e1sica; M\u00e9dia e Alta Complexidade; Suporte Profil\u00e1tico e Terap\u00eautico e Vigil\u00e2ncia Epidemiol\u00f3gica. Rodrigo destacou a import\u00e2ncia do isolamento social, haja vista que Juiz de Fora tem hoje 600 casos confirmados, e lembrou que as equipes de sa\u00fade v\u00eam sofrendo com falta de servidores afastados do trabalho em meio \u00e0 pandemia, e que \u201c\u00e9 humanamente imposs\u00edvel fazer em um m\u00eas uma reposi\u00e7\u00e3o de um ter\u00e7o do quadro de servidores\u201d, salientando tamb\u00e9m que \u201cn\u00e3o s\u00e3o s\u00f3 os m\u00e9dicos que fazem a equipe de sa\u00fade\u201d valorizando psic\u00f3logos, assistentes sociais, servidores do setor administrativo, entre outros.<\/span><\/p>\n<p><span style=\"font-weight: 400;\">Os vereadores mostraram preocupa\u00e7\u00e3o com o direcionamento dos recursos e com rela\u00e7\u00e3o ao amparo legal da medida. O vereador J\u00falio Obama Jr. ressaltou que a reuni\u00e3o tinha o objetivo de esclarecer a popula\u00e7\u00e3o sobre o assunto e questionou como se dar\u00e1 a abertura do cr\u00e9dito extraordin\u00e1rio. J\u00e1 Mello Casal questionou \u201co que vai ser investido em aten\u00e7\u00e3o b\u00e1sica, na ponta da linha? Foi feita contrata\u00e7\u00e3o de equipes b\u00e1sicas de sa\u00fade?\u201d. Juraci Scheffer lembrou da necessidade de que a Lei Org\u00e2nica seja atualizada para amparar situa\u00e7\u00f5es desse tipo e o secret\u00e1rio de Desenvolvimento, L\u00facio S\u00e1 Fortes, esclareceu que embora a Lei Org\u00e2nica do Munic\u00edpio de Juiz de Fora n\u00e3o fale de cr\u00e9dito extraordin\u00e1rio, h\u00e1 amparo em outros dispositivos, como por exemplo a Lei 4.320 de 1964, e os cr\u00e9ditos s\u00e3o feitos por Decreto, em paralelo ao fato de que na Uni\u00e3o s\u00e3o feitos por Medida Provis\u00f3ria.\u00a0<\/span><\/p>\n<p>&nbsp;<\/p>\n<p><strong>Fonte:<\/strong> Assessoria<\/p>\n","protected":false},"excerpt":{"rendered":"<p>Na tarde de segunda-feira (1), o Plen\u00e1rio da C\u00e2mara sediou uma reuni\u00e3o convocada pelos vereadores para que representantes da Prefeitura apresentassem, com transmiss\u00e3o pela JFTV C\u00e2mara canal 35, a fundamenta\u00e7\u00e3o legal e as fontes do Decreto n\u00ba 13937 publicado em 30 de abril, que abre cr\u00e9dito extraordin\u00e1rio no valor de R$ 26 milh\u00f5es para a [&hellip;]<\/p>\n","protected":false},"author":96,"featured_media":161513,"comment_status":"closed","ping_status":"closed","sticky":false,"template":"","format":"standard","meta":{"footnotes":""},"categories":[436,440,254,439],"tags":[],"class_list":["post-161512","post","type-post","status-publish","format-standard","has-post-thumbnail","hentry","category-destaque-da-semana","category-destaques-do-dia","category-politica","category-ultima-hora"],"_links":{"self":[{"href":"https:\/\/diarioregionaldigital.com.br\/index.php?rest_route=\/wp\/v2\/posts\/161512","targetHints":{"allow":["GET"]}}],"collection":[{"href":"https:\/\/diarioregionaldigital.com.br\/index.php?rest_route=\/wp\/v2\/posts"}],"about":[{"href":"https:\/\/diarioregionaldigital.com.br\/index.php?rest_route=\/wp\/v2\/types\/post"}],"author":[{"embeddable":true,"href":"https:\/\/diarioregionaldigital.com.br\/index.php?rest_route=\/wp\/v2\/users\/96"}],"replies":[{"embeddable":true,"href":"https:\/\/diarioregionaldigital.com.br\/index.php?rest_route=%2Fwp%2Fv2%2Fcomments&post=161512"}],"version-history":[{"count":0,"href":"https:\/\/diarioregionaldigital.com.br\/index.php?rest_route=\/wp\/v2\/posts\/161512\/revisions"}],"wp:featuredmedia":[{"embeddable":true,"href":"https:\/\/diarioregionaldigital.com.br\/index.php?rest_route=\/wp\/v2\/media\/161513"}],"wp:attachment":[{"href":"https:\/\/diarioregionaldigital.com.br\/index.php?rest_route=%2Fwp%2Fv2%2Fmedia&parent=161512"}],"wp:term":[{"taxonomy":"category","embeddable":true,"href":"https:\/\/diarioregionaldigital.com.br\/index.php?rest_route=%2Fwp%2Fv2%2Fcategories&post=161512"},{"taxonomy":"post_tag","embeddable":true,"href":"https:\/\/diarioregionaldigital.com.br\/index.php?rest_route=%2Fwp%2Fv2%2Ftags&post=161512"}],"curies":[{"name":"wp","href":"https:\/\/api.w.org\/{rel}","templated":true}]}}