{"id":161509,"date":"2020-06-02T10:45:22","date_gmt":"2020-06-02T13:45:22","guid":{"rendered":"https:\/\/diarioregionaldigital.com.br\/?p=161509"},"modified":"2020-06-02T10:45:22","modified_gmt":"2020-06-02T13:45:22","slug":"uniao-comprou-r-1907-bi-em-insumos-de-combate-ao-coronavirus","status":"publish","type":"post","link":"https:\/\/diarioregionaldigital.com.br\/?p=161509","title":{"rendered":"Uni\u00e3o comprou R$ 1,907 bi em insumos de combate ao coronav\u00edrus"},"content":{"rendered":"<p>As compras pela Uni\u00e3o de insumos de sa\u00fade ligados ao enfrentamento \u00e0 pandemia do novo\u00a0 coronav\u00edrus (covid-19) totalizaram R$ 1,907 bilh\u00e3o em quase cinco meses, revelou levantamento divulgado pelo Minist\u00e9rio da Economia. Desde 7 de fevereiro, quando foi publicada a Lei 13.979, que trata das medidas emergenciais de sa\u00fade p\u00fablica, o governo federal promoveu 3.865 processos para a aquisi\u00e7\u00e3o de 11,5 mil equipamentos e de 847 servi\u00e7os.<\/p>\n<p>Quase a totalidade das compras especiais ocorreu com dispensa de licita\u00e7\u00e3o, mecanismo previsto na lei emergencial. A aquisi\u00e7\u00e3o por meio dessa modalidade somou R$ 1,806 bilh\u00e3o. O governo comprou R$ 78,27 milh\u00f5es por meio de preg\u00f5es eletr\u00f4nicos e R$ 23,49 milh\u00f5es por meio da inexigibilidade de licita\u00e7\u00f5es, quando a contrata\u00e7\u00e3o direta \u00e9 autorizada por falta de competidores.<\/p>\n<p>Os insumos de sa\u00fade mais adquiridos foram \u00e1lcool et\u00edlico, luvas e m\u00e1scaras. Os \u00f3rg\u00e3os que mais compraram insumos no per\u00edodo da pandemia foram a Funda\u00e7\u00e3o Oswaldo Cruz (Fiocruz), com mais de R$ 667,5 milh\u00f5es; seguido do Minist\u00e9rio da Sa\u00fade, com R$ 243,5 milh\u00f5es.<\/p>\n<p><strong>Novo painel<\/strong><\/p>\n<p>A evolu\u00e7\u00e3o das contrata\u00e7\u00f5es especiais relacionadas \u00e0 covid-19 podem ser acompanhadas pelo\u00a0Painel de Compras, elaborado pelo Minist\u00e9rio da Economia. Os dados s\u00e3o atualizados diariamente.<\/p>\n<p>Hoje (1\u00ba), a pasta lan\u00e7ou uma nova vers\u00e3o do painel, que unificou o acompanhamento de todas as modalidades de aquisi\u00e7\u00e3o \u2013 dispensa de licita\u00e7\u00e3o, preg\u00e3o e inexigibilidade \u2013 realizadas no Sistema de Compras do Governo Federal (Comprasnet). At\u00e9 agora, o volume de compras em cada categoria era divulgado em pain\u00e9is separados.<\/p>\n<p>Com tabelas e gr\u00e1ficos interativos, o painel permite o cruzamento de dados e a an\u00e1lise detalhada de itens como valores gastos num intervalo de tempo, quantidade de fornecedores e detalhamento de cada aquisi\u00e7\u00e3o ou servi\u00e7o prestado. \u00c9 poss\u00edvel analisar, tamb\u00e9m, quais fornecedores realizaram mais vendas e filtrar lista de empresa ativas por item de compra ou unidade federativa.<\/p>\n<p>Segundo a Secretaria de Gest\u00e3o do Minist\u00e9rio da Economia, o painel tem como objetivo facilitar a fiscaliza\u00e7\u00e3o por parte da popula\u00e7\u00e3o das compras para o enfrentamento da pandemia. Caso o cidad\u00e3o constate alguma irregularidade e tenha interesse em fazer uma den\u00fancia, basta entrar na Ouvidoria da Controladoria-Geral da Uni\u00e3o (CGU) por meio do\u00a0portal Fala.br.<\/p>\n<p>&nbsp;<\/p>\n<p><strong>Fonte:\u00a0<\/strong>Ag\u00eancia Brasil<\/p>\n","protected":false},"excerpt":{"rendered":"<p>As compras pela Uni\u00e3o de insumos de sa\u00fade ligados ao enfrentamento \u00e0 pandemia do novo\u00a0 coronav\u00edrus (covid-19) totalizaram R$ 1,907 bilh\u00e3o em quase cinco meses, revelou levantamento divulgado pelo Minist\u00e9rio da Economia. Desde 7 de fevereiro, quando foi publicada a Lei 13.979, que trata das medidas emergenciais de sa\u00fade p\u00fablica, o governo federal promoveu 3.865 [&hellip;]<\/p>\n","protected":false},"author":96,"featured_media":161510,"comment_status":"closed","ping_status":"closed","sticky":false,"template":"","format":"standard","meta":{"footnotes":""},"categories":[302,436,440,439],"tags":[],"class_list":["post-161509","post","type-post","status-publish","format-standard","has-post-thumbnail","hentry","category-brasil-mundo","category-destaque-da-semana","category-destaques-do-dia","category-ultima-hora"],"_links":{"self":[{"href":"https:\/\/diarioregionaldigital.com.br\/index.php?rest_route=\/wp\/v2\/posts\/161509","targetHints":{"allow":["GET"]}}],"collection":[{"href":"https:\/\/diarioregionaldigital.com.br\/index.php?rest_route=\/wp\/v2\/posts"}],"about":[{"href":"https:\/\/diarioregionaldigital.com.br\/index.php?rest_route=\/wp\/v2\/types\/post"}],"author":[{"embeddable":true,"href":"https:\/\/diarioregionaldigital.com.br\/index.php?rest_route=\/wp\/v2\/users\/96"}],"replies":[{"embeddable":true,"href":"https:\/\/diarioregionaldigital.com.br\/index.php?rest_route=%2Fwp%2Fv2%2Fcomments&post=161509"}],"version-history":[{"count":0,"href":"https:\/\/diarioregionaldigital.com.br\/index.php?rest_route=\/wp\/v2\/posts\/161509\/revisions"}],"wp:featuredmedia":[{"embeddable":true,"href":"https:\/\/diarioregionaldigital.com.br\/index.php?rest_route=\/wp\/v2\/media\/161510"}],"wp:attachment":[{"href":"https:\/\/diarioregionaldigital.com.br\/index.php?rest_route=%2Fwp%2Fv2%2Fmedia&parent=161509"}],"wp:term":[{"taxonomy":"category","embeddable":true,"href":"https:\/\/diarioregionaldigital.com.br\/index.php?rest_route=%2Fwp%2Fv2%2Fcategories&post=161509"},{"taxonomy":"post_tag","embeddable":true,"href":"https:\/\/diarioregionaldigital.com.br\/index.php?rest_route=%2Fwp%2Fv2%2Ftags&post=161509"}],"curies":[{"name":"wp","href":"https:\/\/api.w.org\/{rel}","templated":true}]}}