{"id":161503,"date":"2020-06-02T10:35:44","date_gmt":"2020-06-02T13:35:44","guid":{"rendered":"https:\/\/diarioregionaldigital.com.br\/?p=161503"},"modified":"2020-06-02T10:35:44","modified_gmt":"2020-06-02T13:35:44","slug":"estados-e-municipios-tem-limite-de-credito-ampliado-em-r-4-bi","status":"publish","type":"post","link":"https:\/\/diarioregionaldigital.com.br\/?p=161503","title":{"rendered":"Estados e munic\u00edpios t\u00eam limite de cr\u00e9dito ampliado em R$ 4 bi"},"content":{"rendered":"<p><span style=\"font-weight: 400;\">Os estados e os munic\u00edpios poder\u00e3o pegar R$ 4 bilh\u00f5es adicionais emprestados no sistema financeiro sem garantia do Tesouro Nacional. Em reuni\u00e3o extraordin\u00e1ria, o Conselho Monet\u00e1rio Nacional (CMN) ampliou de R$ 3,5 bilh\u00f5es para R$ 7,5 bilh\u00f5es o limite para a contrata\u00e7\u00e3o de opera\u00e7\u00f5es do tipo em 2020.<\/span><\/p>\n<p><span style=\"font-weight: 400;\">A medida ajuda os governos locais a pegarem dinheiro emprestado em bancos ou organismos multilaterais sem a necessidade de que o Tesouro d\u00ea garantias e cubra eventuais calotes.<\/span><\/p>\n<p><span style=\"font-weight: 400;\">Com a medida, o limite global para todas as opera\u00e7\u00f5es de cr\u00e9dito de estados, de munic\u00edpios e da Uni\u00e3o passou de at\u00e9 R$ 8,4 bilh\u00f5es para at\u00e9 R$ 12,4 bilh\u00f5es em 2020. O teto de opera\u00e7\u00f5es com garantia da Uni\u00e3o \u2013 quando o Tesouro cobre a inadimpl\u00eancia dos governos locais \u2013 foi mantido em R$ 4,5 bilh\u00f5es, e o limite para contrata\u00e7\u00e3o pela Uni\u00e3o continua em R$ 400 milh\u00f5es.<\/span><\/p>\n<p><span style=\"font-weight: 400;\">Todo ano, o CMN fixa valores m\u00e1ximos que a Uni\u00e3o, os estados e os munic\u00edpios podem pegar emprestado no sistema financeiro. A utiliza\u00e7\u00e3o desse limite poder\u00e1 ser acompanhada pelas institui\u00e7\u00f5es que integram o sistema financeiro e pela sociedade, por meio do site do Banco Central.<\/span><\/p>\n<p><span style=\"font-weight: 400;\">Em nota, o Minist\u00e9rio da Economia informou que o limite global de R$ 12,4 bilh\u00f5es n\u00e3o tem impacto fiscal para a Uni\u00e3o e que n\u00e3o afeta o cumprimento da meta de d\u00e9ficit prim\u00e1rio para os governos locais nem para as estatais federais estabelecida pela Lei de Diretrizes Or\u00e7ament\u00e1rias de 2020.<\/span><\/p>\n<p>&nbsp;<\/p>\n<p><strong>Fonte:<\/strong> Ag\u00eancia Brasil<\/p>\n","protected":false},"excerpt":{"rendered":"<p>Os estados e os munic\u00edpios poder\u00e3o pegar R$ 4 bilh\u00f5es adicionais emprestados no sistema financeiro sem garantia do Tesouro Nacional. Em reuni\u00e3o extraordin\u00e1ria, o Conselho Monet\u00e1rio Nacional (CMN) ampliou de R$ 3,5 bilh\u00f5es para R$ 7,5 bilh\u00f5es o limite para a contrata\u00e7\u00e3o de opera\u00e7\u00f5es do tipo em 2020. A medida ajuda os governos locais a [&hellip;]<\/p>\n","protected":false},"author":96,"featured_media":161504,"comment_status":"closed","ping_status":"closed","sticky":false,"template":"","format":"standard","meta":{"footnotes":""},"categories":[436,261,439],"tags":[],"class_list":["post-161503","post","type-post","status-publish","format-standard","has-post-thumbnail","hentry","category-destaque-da-semana","category-economia","category-ultima-hora"],"_links":{"self":[{"href":"https:\/\/diarioregionaldigital.com.br\/index.php?rest_route=\/wp\/v2\/posts\/161503","targetHints":{"allow":["GET"]}}],"collection":[{"href":"https:\/\/diarioregionaldigital.com.br\/index.php?rest_route=\/wp\/v2\/posts"}],"about":[{"href":"https:\/\/diarioregionaldigital.com.br\/index.php?rest_route=\/wp\/v2\/types\/post"}],"author":[{"embeddable":true,"href":"https:\/\/diarioregionaldigital.com.br\/index.php?rest_route=\/wp\/v2\/users\/96"}],"replies":[{"embeddable":true,"href":"https:\/\/diarioregionaldigital.com.br\/index.php?rest_route=%2Fwp%2Fv2%2Fcomments&post=161503"}],"version-history":[{"count":0,"href":"https:\/\/diarioregionaldigital.com.br\/index.php?rest_route=\/wp\/v2\/posts\/161503\/revisions"}],"wp:featuredmedia":[{"embeddable":true,"href":"https:\/\/diarioregionaldigital.com.br\/index.php?rest_route=\/wp\/v2\/media\/161504"}],"wp:attachment":[{"href":"https:\/\/diarioregionaldigital.com.br\/index.php?rest_route=%2Fwp%2Fv2%2Fmedia&parent=161503"}],"wp:term":[{"taxonomy":"category","embeddable":true,"href":"https:\/\/diarioregionaldigital.com.br\/index.php?rest_route=%2Fwp%2Fv2%2Fcategories&post=161503"},{"taxonomy":"post_tag","embeddable":true,"href":"https:\/\/diarioregionaldigital.com.br\/index.php?rest_route=%2Fwp%2Fv2%2Ftags&post=161503"}],"curies":[{"name":"wp","href":"https:\/\/api.w.org\/{rel}","templated":true}]}}