{"id":161500,"date":"2020-06-02T10:30:36","date_gmt":"2020-06-02T13:30:36","guid":{"rendered":"https:\/\/diarioregionaldigital.com.br\/?p=161500"},"modified":"2020-06-02T10:30:36","modified_gmt":"2020-06-02T13:30:36","slug":"saude-confirma-mais-onze-obitos-por-coronavirus-em-minas-gerais","status":"publish","type":"post","link":"https:\/\/diarioregionaldigital.com.br\/?p=161500","title":{"rendered":"Sa\u00fade confirma mais onze \u00f3bitos por Coronav\u00edrus em Minas Gerais"},"content":{"rendered":"<p>O\u00a0<a href=\"https:\/\/www.saude.mg.gov.br\/images\/noticias_e_eventos\/000_2020\/mar_abr_maio\/Boletim_Epidemiologico_COVID-19_02.06.2020.pdf\">boletim epidemiol\u00f3gico<\/a> divulgado nesta ter\u00e7a-feira (2) pela Secretaria de Estado da Sa\u00fade de Minas Gerais (SES-MG), confirma mais onze mortes confirmadas por Coronav\u00edrus pelo estado: Mariana (idosa de 71 anos), Monte Si\u00e3o (idosa de 64 anos), Belo Horizonte (mulheres de 37 e 54 anos e homem de 37), Congonhas (idosa de 86 anos), Uberaba (idosa de 67 anos), Ipatinga (idosa de 85 anos), Uberl\u00e2ndia (homens de 42 e 49 anos e uma idosa de 67 anos), Estiva (mulher de 48 anos), Tr\u00eas Cora\u00e7\u00f5es (idosa de 62 anos) e Parais\u00f3polis (idosa de 74 anos), totalizando 289 \u00f3bitos confirmados.<\/p>\n<p>Segundo o levantamento, houve aumento de 10.670 para 10.939 casos confirmados e houve uma redu\u00e7\u00e3o de 5.341 para 5.118 pacientes recuperados. Conforme os dados, 5.563 pacientes confirmados com a doen\u00e7a est\u00e3o fazendo isolamento social e 1.683 est\u00e3o internados. Al\u00e9m disso, foram feitos 22.409 testes laboratoriais, sendo que 1.852 deram resultado positivo, 20.075 deram negativo para Coronav\u00edrus e 270 est\u00e3o sob an\u00e1lise.<\/p>\n<p>Os\u00a0dados atualizados\u00a0referentes a \u00f3bitos confirmados em Minas Gerais podem ser conferidos no anexo abaixo.<\/p>\n<p><a href=\"https:\/\/diarioregionaldigital.com.br\/wp-content\/uploads\/2020\/06\/OBITOS_CONF_COVID-19_MG_02.06.2020.xls\">OBITOS_CONF_COVID-19_MG_02.06.2020<\/a><\/p>\n","protected":false},"excerpt":{"rendered":"<p>O\u00a0boletim epidemiol\u00f3gico divulgado nesta ter\u00e7a-feira (2) pela Secretaria de Estado da Sa\u00fade de Minas Gerais (SES-MG), confirma mais onze mortes confirmadas por Coronav\u00edrus pelo estado: Mariana (idosa de 71 anos), Monte Si\u00e3o (idosa de 64 anos), Belo Horizonte (mulheres de 37 e 54 anos e homem de 37), Congonhas (idosa de 86 anos), Uberaba (idosa [&hellip;]<\/p>\n","protected":false},"author":96,"featured_media":159834,"comment_status":"closed","ping_status":"closed","sticky":false,"template":"","format":"standard","meta":{"footnotes":""},"categories":[436,440,252,439],"tags":[],"class_list":["post-161500","post","type-post","status-publish","format-standard","has-post-thumbnail","hentry","category-destaque-da-semana","category-destaques-do-dia","category-regiao","category-ultima-hora"],"_links":{"self":[{"href":"https:\/\/diarioregionaldigital.com.br\/index.php?rest_route=\/wp\/v2\/posts\/161500","targetHints":{"allow":["GET"]}}],"collection":[{"href":"https:\/\/diarioregionaldigital.com.br\/index.php?rest_route=\/wp\/v2\/posts"}],"about":[{"href":"https:\/\/diarioregionaldigital.com.br\/index.php?rest_route=\/wp\/v2\/types\/post"}],"author":[{"embeddable":true,"href":"https:\/\/diarioregionaldigital.com.br\/index.php?rest_route=\/wp\/v2\/users\/96"}],"replies":[{"embeddable":true,"href":"https:\/\/diarioregionaldigital.com.br\/index.php?rest_route=%2Fwp%2Fv2%2Fcomments&post=161500"}],"version-history":[{"count":0,"href":"https:\/\/diarioregionaldigital.com.br\/index.php?rest_route=\/wp\/v2\/posts\/161500\/revisions"}],"wp:featuredmedia":[{"embeddable":true,"href":"https:\/\/diarioregionaldigital.com.br\/index.php?rest_route=\/wp\/v2\/media\/159834"}],"wp:attachment":[{"href":"https:\/\/diarioregionaldigital.com.br\/index.php?rest_route=%2Fwp%2Fv2%2Fmedia&parent=161500"}],"wp:term":[{"taxonomy":"category","embeddable":true,"href":"https:\/\/diarioregionaldigital.com.br\/index.php?rest_route=%2Fwp%2Fv2%2Fcategories&post=161500"},{"taxonomy":"post_tag","embeddable":true,"href":"https:\/\/diarioregionaldigital.com.br\/index.php?rest_route=%2Fwp%2Fv2%2Ftags&post=161500"}],"curies":[{"name":"wp","href":"https:\/\/api.w.org\/{rel}","templated":true}]}}