{"id":161494,"date":"2020-06-02T06:00:56","date_gmt":"2020-06-02T09:00:56","guid":{"rendered":"https:\/\/diarioregionaldigital.com.br\/?p=161494"},"modified":"2020-06-02T02:24:19","modified_gmt":"2020-06-02T05:24:19","slug":"prefeitura-municipal-de-descoberto-02-06-2020","status":"publish","type":"post","link":"https:\/\/diarioregionaldigital.com.br\/?p=161494","title":{"rendered":"Prefeitura Municipal de Descoberto &#8211; 02\/06\/2020"},"content":{"rendered":"<p style=\"text-align: center;\"><strong>EXTRATO DE DISPENSA<\/strong><\/p>\n<p style=\"text-align: center;\">Pref. Municipal de Descoberto x Cooperativa de Cr\u00e9dito de Livre Admiss\u00e3o da Mata Mineira Ltda Sicoob Credimata &#8211; Objeto: Contrata\u00e7\u00e3o de institui\u00e7\u00e3o financeira para operar, sem \u00f4nus para o contratante, a gest\u00e3o da folha de pagamento dos servidores ativos, efetivos, contratados e comissionados da Prefeitura de Descoberto &#8211; Fundamento: Dispensa 003\/2020 \u2013 Vig\u00eancia: 12 meses &#8211; Ass: 02\/06\/2020 &#8211; Foro: S\u00e3o Jo\u00e3o Nepomuceno\/MG.<\/p>\n<p style=\"text-align: center;\"><strong>Marcos de Ara\u00fajo Lima<\/strong><br \/>\n<strong>Prefeito Municipal<\/strong><\/p>\n","protected":false},"excerpt":{"rendered":"<p>EXTRATO DE DISPENSA Pref. Municipal de Descoberto x Cooperativa de Cr\u00e9dito de Livre Admiss\u00e3o da Mata Mineira Ltda Sicoob Credimata &#8211; Objeto: Contrata\u00e7\u00e3o de institui\u00e7\u00e3o financeira para operar, sem \u00f4nus para o contratante, a gest\u00e3o da folha de pagamento dos servidores ativos, efetivos, contratados e comissionados da Prefeitura de Descoberto &#8211; Fundamento: Dispensa 003\/2020 \u2013 [&hellip;]<\/p>\n","protected":false},"author":96,"featured_media":0,"comment_status":"closed","ping_status":"closed","sticky":false,"template":"","format":"standard","meta":{"footnotes":""},"categories":[307],"tags":[],"class_list":["post-161494","post","type-post","status-publish","format-standard","hentry","category-editais"],"_links":{"self":[{"href":"https:\/\/diarioregionaldigital.com.br\/index.php?rest_route=\/wp\/v2\/posts\/161494","targetHints":{"allow":["GET"]}}],"collection":[{"href":"https:\/\/diarioregionaldigital.com.br\/index.php?rest_route=\/wp\/v2\/posts"}],"about":[{"href":"https:\/\/diarioregionaldigital.com.br\/index.php?rest_route=\/wp\/v2\/types\/post"}],"author":[{"embeddable":true,"href":"https:\/\/diarioregionaldigital.com.br\/index.php?rest_route=\/wp\/v2\/users\/96"}],"replies":[{"embeddable":true,"href":"https:\/\/diarioregionaldigital.com.br\/index.php?rest_route=%2Fwp%2Fv2%2Fcomments&post=161494"}],"version-history":[{"count":0,"href":"https:\/\/diarioregionaldigital.com.br\/index.php?rest_route=\/wp\/v2\/posts\/161494\/revisions"}],"wp:attachment":[{"href":"https:\/\/diarioregionaldigital.com.br\/index.php?rest_route=%2Fwp%2Fv2%2Fmedia&parent=161494"}],"wp:term":[{"taxonomy":"category","embeddable":true,"href":"https:\/\/diarioregionaldigital.com.br\/index.php?rest_route=%2Fwp%2Fv2%2Fcategories&post=161494"},{"taxonomy":"post_tag","embeddable":true,"href":"https:\/\/diarioregionaldigital.com.br\/index.php?rest_route=%2Fwp%2Fv2%2Ftags&post=161494"}],"curies":[{"name":"wp","href":"https:\/\/api.w.org\/{rel}","templated":true}]}}