{"id":161486,"date":"2020-06-02T06:00:49","date_gmt":"2020-06-02T09:00:49","guid":{"rendered":"https:\/\/diarioregionaldigital.com.br\/?p=161486"},"modified":"2020-06-02T01:34:26","modified_gmt":"2020-06-02T04:34:26","slug":"161486","status":"publish","type":"post","link":"https:\/\/diarioregionaldigital.com.br\/?p=161486","title":{"rendered":"Menos \u00e9 Mais"},"content":{"rendered":"<p style=\"text-align: center;\"><strong>Noticia Boa<\/strong><\/p>\n<p style=\"text-align: center;\">Com carinho especial pela cidade, o senador Ant\u00f4nio Anastasia colocou Juiz de Fora na lista dos munic\u00edpios contemplados com suas emendas parlamentares. Pra a\u00e7\u00f5es de enfrentamento \u00e0 pandemia do Coronavirus, a cidade receber\u00e1 R$1 milh\u00e3o.<\/p>\n<p style=\"text-align: center;\"><strong>Solidariedade<\/strong><\/p>\n<p style=\"text-align: center;\">Nem tudo est\u00e1 perdido. Em Juiz de Fora, no bairro Jardim Ga\u00facho, em uma propriedade de comunidade foi implantado o primeiro trabalho denominado \u201cM\u00e9dicos do Bem\u201d Trata-se de um grupo de profissionais da \u00e1rea da sa\u00fade que, voluntariamente, se disp\u00f4s a atender a popula\u00e7\u00e3o local. Recentemente o \u201cMedico do Bem\u201d foi inscrito no Pr\u00eamio Euro-Inova\u00e7\u00e3o da Sa\u00fade.<\/p>\n<p style=\"text-align: center;\"><strong>D\u00f3-re-mi-f\u00e1<\/strong><\/p>\n<p style=\"text-align: center;\">Com a coroa na cabe\u00e7a, os soberanos do L\u00fadica M\u00fasica lan\u00e7ou o clipe \u201cTudo \u00e9 relativo\u201d gravado durante a turn\u00ea em Portugal, com produ\u00e7\u00e3o bel\u00edssima de Gal Oliveira Fotografia.<\/p>\n<p style=\"text-align: center;\"><strong>Menos \u00e9 Mais<\/strong><\/p>\n<p style=\"text-align: center;\">O estilista Paulo Luz \u00e9 o nome da vez. Lan\u00e7ou a primeira cole\u00e7\u00e3o da Min, marca que tem como prop\u00f3sito oferecer uma moda mais limpa e sustent\u00e1vel. Minimalista o designer usa apenas fibras naturais ou sustent\u00e1veis para confeccionar suas pe\u00e7as que podem ser compradas pelo Instagram (@minrj). Ele muito solid\u00e1rio confecciona m\u00e1scaras para doa\u00e7\u00f5es.<\/p>\n<p style=\"text-align: center;\"><span style=\"font-size: 14pt;\"><strong>Para Refletir<\/strong><\/span><\/p>\n<p style=\"text-align: center;\">Pensando bem, no cen\u00e1rio de imobilidade global a internet e outras inova\u00e7\u00f5es tecnol\u00f3gicas conseguiram manter atividades econ\u00f4micas e at\u00e9 acelerar a produtividade. Sendo assim, rom\u00e2ntico que sou, ainda acredito no amanh\u00e3 dos poetas.<\/p>\n<div id=\"attachment_161474\" style=\"width: 690px\" class=\"wp-caption aligncenter\"><img loading=\"lazy\" decoding=\"async\" aria-describedby=\"caption-attachment-161474\" class=\"wp-image-161474\" src=\"https:\/\/diarioregionaldigital.com.br\/wp-content\/uploads\/2020\/06\/fotoa-scaled-e1591068729438.jpg\" alt=\"\" width=\"680\" height=\"504\" srcset=\"https:\/\/diarioregionaldigital.com.br\/wp-content\/uploads\/2020\/06\/fotoa-scaled-e1591068729438.jpg 1406w, https:\/\/diarioregionaldigital.com.br\/wp-content\/uploads\/2020\/06\/fotoa-scaled-e1591068729438-300x223.jpg 300w, https:\/\/diarioregionaldigital.com.br\/wp-content\/uploads\/2020\/06\/fotoa-scaled-e1591068729438-1024x760.jpg 1024w, https:\/\/diarioregionaldigital.com.br\/wp-content\/uploads\/2020\/06\/fotoa-scaled-e1591068729438-768x570.jpg 768w, https:\/\/diarioregionaldigital.com.br\/wp-content\/uploads\/2020\/06\/fotoa-scaled-e1591068729438-360x267.jpg 360w\" sizes=\"auto, (max-width: 680px) 100vw, 680px\" \/><p id=\"caption-attachment-161474\" class=\"wp-caption-text\">A classe e estilo elegante da m\u00e9dica-psiquiatra Elimar Jacob Salzer Rodrigues, no momento em isolamento social<\/p><\/div>\n<div id=\"attachment_161475\" style=\"width: 690px\" class=\"wp-caption aligncenter\"><img loading=\"lazy\" decoding=\"async\" aria-describedby=\"caption-attachment-161475\" class=\"wp-image-161475\" src=\"https:\/\/diarioregionaldigital.com.br\/wp-content\/uploads\/2020\/06\/fotob-e1591068999285.jpg\" alt=\"\" width=\"680\" height=\"537\" srcset=\"https:\/\/diarioregionaldigital.com.br\/wp-content\/uploads\/2020\/06\/fotob-e1591068999285.jpg 1441w, https:\/\/diarioregionaldigital.com.br\/wp-content\/uploads\/2020\/06\/fotob-e1591068999285-300x237.jpg 300w, https:\/\/diarioregionaldigital.com.br\/wp-content\/uploads\/2020\/06\/fotob-e1591068999285-1024x809.jpg 1024w, https:\/\/diarioregionaldigital.com.br\/wp-content\/uploads\/2020\/06\/fotob-e1591068999285-768x607.jpg 768w, https:\/\/diarioregionaldigital.com.br\/wp-content\/uploads\/2020\/06\/fotob-e1591068999285-360x285.jpg 360w\" sizes=\"auto, (max-width: 680px) 100vw, 680px\" \/><p id=\"caption-attachment-161475\" class=\"wp-caption-text\">Amigos em sintonia no passado do Trade Hotel, Rose Oliveira e Sydney Castro<\/p><\/div>\n<div id=\"attachment_161476\" style=\"width: 690px\" class=\"wp-caption aligncenter\"><img loading=\"lazy\" decoding=\"async\" aria-describedby=\"caption-attachment-161476\" class=\"wp-image-161476\" src=\"https:\/\/diarioregionaldigital.com.br\/wp-content\/uploads\/2020\/06\/fotoc-e1591069300246.jpg\" alt=\"\" width=\"680\" height=\"442\" srcset=\"https:\/\/diarioregionaldigital.com.br\/wp-content\/uploads\/2020\/06\/fotoc-e1591069300246.jpg 748w, https:\/\/diarioregionaldigital.com.br\/wp-content\/uploads\/2020\/06\/fotoc-e1591069300246-300x195.jpg 300w, https:\/\/diarioregionaldigital.com.br\/wp-content\/uploads\/2020\/06\/fotoc-e1591069300246-360x234.jpg 360w\" sizes=\"auto, (max-width: 680px) 100vw, 680px\" \/><p id=\"caption-attachment-161476\" class=\"wp-caption-text\">Amigos da boa mesa no Bar do Futrica: Sidnei Vieira e Fernando Luis Baldioti<\/p><\/div>\n<div id=\"attachment_161477\" style=\"width: 690px\" class=\"wp-caption aligncenter\"><img loading=\"lazy\" decoding=\"async\" aria-describedby=\"caption-attachment-161477\" class=\"wp-image-161477\" src=\"https:\/\/diarioregionaldigital.com.br\/wp-content\/uploads\/2020\/06\/fotod-e1591069340314.jpg\" alt=\"\" width=\"680\" height=\"464\" srcset=\"https:\/\/diarioregionaldigital.com.br\/wp-content\/uploads\/2020\/06\/fotod-e1591069340314.jpg 902w, https:\/\/diarioregionaldigital.com.br\/wp-content\/uploads\/2020\/06\/fotod-e1591069340314-300x205.jpg 300w, https:\/\/diarioregionaldigital.com.br\/wp-content\/uploads\/2020\/06\/fotod-e1591069340314-768x524.jpg 768w, https:\/\/diarioregionaldigital.com.br\/wp-content\/uploads\/2020\/06\/fotod-e1591069340314-360x246.jpg 360w\" sizes=\"auto, (max-width: 680px) 100vw, 680px\" \/><p id=\"caption-attachment-161477\" class=\"wp-caption-text\">Direto do t\u00fanel do tempo, as querid\u00edssimas Daiseluce Nascimento e Nina Mello<\/p><\/div>\n<div id=\"attachment_161478\" style=\"width: 690px\" class=\"wp-caption aligncenter\"><img loading=\"lazy\" decoding=\"async\" aria-describedby=\"caption-attachment-161478\" class=\"wp-image-161478\" src=\"https:\/\/diarioregionaldigital.com.br\/wp-content\/uploads\/2020\/06\/fotoe-e1591069440596.jpg\" alt=\"\" width=\"680\" height=\"495\" srcset=\"https:\/\/diarioregionaldigital.com.br\/wp-content\/uploads\/2020\/06\/fotoe-e1591069440596.jpg 586w, https:\/\/diarioregionaldigital.com.br\/wp-content\/uploads\/2020\/06\/fotoe-e1591069440596-300x219.jpg 300w, https:\/\/diarioregionaldigital.com.br\/wp-content\/uploads\/2020\/06\/fotoe-e1591069440596-360x262.jpg 360w\" sizes=\"auto, (max-width: 680px) 100vw, 680px\" \/><p id=\"caption-attachment-161478\" class=\"wp-caption-text\">Elegantes na Maxi-P\u00e3o, Lena Cruz e T\u00e2nia Marcia Martins Oliveira Alqualo<\/p><\/div>\n<div id=\"attachment_161479\" style=\"width: 690px\" class=\"wp-caption aligncenter\"><img loading=\"lazy\" decoding=\"async\" aria-describedby=\"caption-attachment-161479\" class=\"wp-image-161479\" src=\"https:\/\/diarioregionaldigital.com.br\/wp-content\/uploads\/2020\/06\/fotof-e1591069483470.jpg\" alt=\"\" width=\"680\" height=\"473\" srcset=\"https:\/\/diarioregionaldigital.com.br\/wp-content\/uploads\/2020\/06\/fotof-e1591069483470.jpg 1996w, https:\/\/diarioregionaldigital.com.br\/wp-content\/uploads\/2020\/06\/fotof-e1591069483470-300x210.jpg 300w, https:\/\/diarioregionaldigital.com.br\/wp-content\/uploads\/2020\/06\/fotof-e1591069483470-1024x712.jpg 1024w, https:\/\/diarioregionaldigital.com.br\/wp-content\/uploads\/2020\/06\/fotof-e1591069483470-768x534.jpg 768w, https:\/\/diarioregionaldigital.com.br\/wp-content\/uploads\/2020\/06\/fotof-e1591069483470-1536x1067.jpg 1536w, https:\/\/diarioregionaldigital.com.br\/wp-content\/uploads\/2020\/06\/fotof-e1591069483470-360x250.jpg 360w, https:\/\/diarioregionaldigital.com.br\/wp-content\/uploads\/2020\/06\/fotof-e1591069483470-100x70.jpg 100w\" sizes=\"auto, (max-width: 680px) 100vw, 680px\" \/><p id=\"caption-attachment-161479\" class=\"wp-caption-text\">Amigos para sempre com Martha Salgado e J\u00falio Zanini<\/p><\/div>\n<div id=\"attachment_161481\" style=\"width: 690px\" class=\"wp-caption aligncenter\"><img loading=\"lazy\" decoding=\"async\" aria-describedby=\"caption-attachment-161481\" class=\"wp-image-161481\" src=\"https:\/\/diarioregionaldigital.com.br\/wp-content\/uploads\/2020\/06\/fotoh-e1591069555164.jpg\" alt=\"\" width=\"680\" height=\"488\" srcset=\"https:\/\/diarioregionaldigital.com.br\/wp-content\/uploads\/2020\/06\/fotoh-e1591069555164.jpg 810w, https:\/\/diarioregionaldigital.com.br\/wp-content\/uploads\/2020\/06\/fotoh-e1591069555164-300x215.jpg 300w, https:\/\/diarioregionaldigital.com.br\/wp-content\/uploads\/2020\/06\/fotoh-e1591069555164-768x551.jpg 768w, https:\/\/diarioregionaldigital.com.br\/wp-content\/uploads\/2020\/06\/fotoh-e1591069555164-360x258.jpg 360w\" sizes=\"auto, (max-width: 680px) 100vw, 680px\" \/><p id=\"caption-attachment-161481\" class=\"wp-caption-text\">O charme do colun\u00e1vel Marcelo Leonel<\/p><\/div>\n<div id=\"attachment_161480\" style=\"width: 690px\" class=\"wp-caption aligncenter\"><img loading=\"lazy\" decoding=\"async\" aria-describedby=\"caption-attachment-161480\" class=\"wp-image-161480\" src=\"https:\/\/diarioregionaldigital.com.br\/wp-content\/uploads\/2020\/06\/fotog-e1591069519480.jpg\" alt=\"\" width=\"680\" height=\"481\" srcset=\"https:\/\/diarioregionaldigital.com.br\/wp-content\/uploads\/2020\/06\/fotog-e1591069519480.jpg 1078w, https:\/\/diarioregionaldigital.com.br\/wp-content\/uploads\/2020\/06\/fotog-e1591069519480-300x212.jpg 300w, https:\/\/diarioregionaldigital.com.br\/wp-content\/uploads\/2020\/06\/fotog-e1591069519480-1024x724.jpg 1024w, https:\/\/diarioregionaldigital.com.br\/wp-content\/uploads\/2020\/06\/fotog-e1591069519480-768x543.jpg 768w, https:\/\/diarioregionaldigital.com.br\/wp-content\/uploads\/2020\/06\/fotog-e1591069519480-750x530.jpg 750w, https:\/\/diarioregionaldigital.com.br\/wp-content\/uploads\/2020\/06\/fotog-e1591069519480-360x254.jpg 360w, https:\/\/diarioregionaldigital.com.br\/wp-content\/uploads\/2020\/06\/fotog-e1591069519480-100x70.jpg 100w\" sizes=\"auto, (max-width: 680px) 100vw, 680px\" \/><p id=\"caption-attachment-161480\" class=\"wp-caption-text\">Antes da pandemia na Esta\u00e7\u00e3o Grill, Eliana Lamha e o sobrinha Laura Sarto Lamha<\/p><\/div>\n<p style=\"text-align: center;\"><strong>FOTOSS\u00cdNTESE<\/strong><\/p>\n<p>Diante de tantos acontecimentos, o prefeito de Juiz de Fora Ant\u00f4nio Almas voltou a dizer aos dirigentes e dos militantes do PSDB que ainda n\u00e3o \u00e9 o momento de falar em candidatura a reelei\u00e7\u00e3o.<\/p>\n<p>A Universidade Federal de Juiz de Fora faz bonito. Para combater a Covid-19 j\u00e1 produziu duas toneladas de \u00e1lcool gel fabricadas na universidade.<\/p>\n<p>Em boa hora, a Funda\u00e7\u00e3o Hospitalar do Estado de Minas Gerais (Fhemig) abriu chamamento emergencial de m\u00e9dicos para Juiz de Fora no enfrentamento ao Covid-19 no Hospital Jo\u00e3o Penido.<\/p>\n<p>Projeto de Lei de vereador Marlon Siqueira deve ser discutido na C\u00e2mara defendendo a medi\u00e7\u00e3o de temperatura em supermercados para evitar a dissemina\u00e7\u00e3o da Covid-19.<\/p>\n<p>Novidade: J\u00e1 circulando na pra\u00e7a o Gran Chopp Growleria. Na mesa chope em casa bastando ter um grower, e solicitar aos s\u00f3cios Luiz Felipe Mendes e Maria Barros pelo fone: 98844-5726.<\/p>\n<p>Causou impacto no canal You Tube a conversa de Marcelo Cherto (Grupo Cherto) sobre \u201cComo as empresas est\u00e3o superando a crise. \u201cRecebendo Luciano Larcher do Grupo Larch.<\/p>\n<p>A bonita Miss Brasil e jornalista J\u00falia Horta, vai falar hoje (2) sobre marketing e rede sociais na plataforma Teans.<\/p>\n<p>Ligado nos acontecimentos atuais, o Instituto Vianna J\u00fanior vai lan\u00e7ar vestibular 100% on-line. As inscri\u00e7\u00f5es j\u00e1 est\u00e3o abertas.<\/p>\n<p>A solenidade da entrega da Medalha Henrique Halfeld foi cancelada e ainda n\u00e3o tem data definida.<\/p>\n<p>Depois de muitos anos ningu\u00e9m e nem iai\u00e1 nem ioi\u00f4 ir\u00e3o pular a fogueira de S\u00e3o Jo\u00e3o. Todos os caipiras estar\u00e3o em isolamento social.<\/p>\n<p>Dica: Fofoqueiros: Dif\u00edcil resistir a eles pelas informa\u00e7\u00f5es que podem trazer. Afinal, curiosidade \u00e9 do ser humano. O problema \u00e9 que aquele que traz, tamb\u00e9m leva. Tome nota e tenha um bom dia.<\/p>\n<p><img loading=\"lazy\" decoding=\"async\" class=\"aligncenter size-full wp-image-161487\" src=\"https:\/\/diarioregionaldigital.com.br\/wp-content\/uploads\/2020\/06\/anuncio78-scaled.jpg\" alt=\"\" width=\"2560\" height=\"987\" srcset=\"https:\/\/diarioregionaldigital.com.br\/wp-content\/uploads\/2020\/06\/anuncio78-scaled.jpg 2560w, https:\/\/diarioregionaldigital.com.br\/wp-content\/uploads\/2020\/06\/anuncio78-300x116.jpg 300w, https:\/\/diarioregionaldigital.com.br\/wp-content\/uploads\/2020\/06\/anuncio78-1024x395.jpg 1024w, https:\/\/diarioregionaldigital.com.br\/wp-content\/uploads\/2020\/06\/anuncio78-768x296.jpg 768w, https:\/\/diarioregionaldigital.com.br\/wp-content\/uploads\/2020\/06\/anuncio78-1536x592.jpg 1536w, https:\/\/diarioregionaldigital.com.br\/wp-content\/uploads\/2020\/06\/anuncio78-2048x790.jpg 2048w, https:\/\/diarioregionaldigital.com.br\/wp-content\/uploads\/2020\/06\/anuncio78-360x139.jpg 360w\" sizes=\"auto, (max-width: 2560px) 100vw, 2560px\" \/><\/p>\n","protected":false},"excerpt":{"rendered":"<p>Noticia Boa Com carinho especial pela cidade, o senador Ant\u00f4nio Anastasia colocou Juiz de Fora na lista dos munic\u00edpios contemplados com suas emendas parlamentares. Pra a\u00e7\u00f5es de enfrentamento \u00e0 pandemia do Coronavirus, a cidade receber\u00e1 R$1 milh\u00e3o. Solidariedade Nem tudo est\u00e1 perdido. Em Juiz de Fora, no bairro Jardim Ga\u00facho, em uma propriedade de comunidade [&hellip;]<\/p>\n","protected":false},"author":96,"featured_media":161474,"comment_status":"closed","ping_status":"closed","sticky":false,"template":"","format":"standard","meta":{"footnotes":""},"categories":[264],"tags":[],"class_list":["post-161486","post","type-post","status-publish","format-standard","has-post-thumbnail","hentry","category-eduardo-gomes"],"_links":{"self":[{"href":"https:\/\/diarioregionaldigital.com.br\/index.php?rest_route=\/wp\/v2\/posts\/161486","targetHints":{"allow":["GET"]}}],"collection":[{"href":"https:\/\/diarioregionaldigital.com.br\/index.php?rest_route=\/wp\/v2\/posts"}],"about":[{"href":"https:\/\/diarioregionaldigital.com.br\/index.php?rest_route=\/wp\/v2\/types\/post"}],"author":[{"embeddable":true,"href":"https:\/\/diarioregionaldigital.com.br\/index.php?rest_route=\/wp\/v2\/users\/96"}],"replies":[{"embeddable":true,"href":"https:\/\/diarioregionaldigital.com.br\/index.php?rest_route=%2Fwp%2Fv2%2Fcomments&post=161486"}],"version-history":[{"count":0,"href":"https:\/\/diarioregionaldigital.com.br\/index.php?rest_route=\/wp\/v2\/posts\/161486\/revisions"}],"wp:featuredmedia":[{"embeddable":true,"href":"https:\/\/diarioregionaldigital.com.br\/index.php?rest_route=\/wp\/v2\/media\/161474"}],"wp:attachment":[{"href":"https:\/\/diarioregionaldigital.com.br\/index.php?rest_route=%2Fwp%2Fv2%2Fmedia&parent=161486"}],"wp:term":[{"taxonomy":"category","embeddable":true,"href":"https:\/\/diarioregionaldigital.com.br\/index.php?rest_route=%2Fwp%2Fv2%2Fcategories&post=161486"},{"taxonomy":"post_tag","embeddable":true,"href":"https:\/\/diarioregionaldigital.com.br\/index.php?rest_route=%2Fwp%2Fv2%2Ftags&post=161486"}],"curies":[{"name":"wp","href":"https:\/\/api.w.org\/{rel}","templated":true}]}}