{"id":161472,"date":"2020-06-01T21:15:48","date_gmt":"2020-06-02T00:15:48","guid":{"rendered":"https:\/\/diarioregionaldigital.com.br\/?p=161472"},"modified":"2020-06-01T21:15:48","modified_gmt":"2020-06-02T00:15:48","slug":"coronavirus-chega-a-211-mil-o-numero-de-curados-no-brasil","status":"publish","type":"post","link":"https:\/\/diarioregionaldigital.com.br\/?p=161472","title":{"rendered":"Coronav\u00edrus: chega a 211 mil o n\u00famero de curados no Brasil"},"content":{"rendered":"<p>O Brasil registrou nesta segunda-feira (01\/06) o total de 211.080 pessoas curadas do coronav\u00edrus. O n\u00famero representa 40,1% do total de casos confirmados atualmente (526.447). Outras 285.430 pessoas seguem em acompanhamento m\u00e9dico. As informa\u00e7\u00f5es foram repassadas e atualizadas at\u00e9 \u00e0s 19h desta segunda (01) pelas Secretarias Estaduais de Sa\u00fade de todos os estados brasileiros.<\/p>\n<p>O Governo do Brasil, junto \u00e0s secretarias de sa\u00fade estaduais e municipais, est\u00e1 cuidando de todos e empenhando os esfor\u00e7os necess\u00e1rios para garantir o atendimento m\u00e9dico a quem precisa. S\u00e3o realizados investimentos constantes em aquisi\u00e7\u00e3o de insumos, respiradores, testes de diagn\u00f3stico, rem\u00e9dios e equipamentos de prote\u00e7\u00e3o para profissionais de sa\u00fade, al\u00e9m da habilita\u00e7\u00e3o de leitos de UTI.<\/p>\n<p>At\u00e9 o momento, o pa\u00eds registra 29.937 \u00f3bitos, sendo que 623 foram registrados nos sistemas de informa\u00e7\u00e3o oficiais do Minist\u00e9rio da Sa\u00fade nas \u00faltimas 24h, apesar de a maioria ter acontecido em outros dias. Isso porque as notifica\u00e7\u00f5es ocorrem apenas ap\u00f3s a conclus\u00e3o da investiga\u00e7\u00e3o dos motivos das mortes. Assim, do total de novos registros, 220 \u00f3bitos ocorreram, de fato, nos \u00faltimos tr\u00eas dias e outros 4.412 est\u00e3o em investiga\u00e7\u00e3o.<\/p>\n<p>Cerca de dois mil munic\u00edpios do pa\u00eds n\u00e3o possuem casos de coronav\u00edrus e 70% das cidades n\u00e3o registram nenhum \u00f3bito pela doen\u00e7a.<\/p>\n<p>&nbsp;<\/p>\n<p><strong>Fonte:\u00a0<\/strong>Assessoria<\/p>\n","protected":false},"excerpt":{"rendered":"<p>O Brasil registrou nesta segunda-feira (01\/06) o total de 211.080 pessoas curadas do coronav\u00edrus. O n\u00famero representa 40,1% do total de casos confirmados atualmente (526.447). Outras 285.430 pessoas seguem em acompanhamento m\u00e9dico. As informa\u00e7\u00f5es foram repassadas e atualizadas at\u00e9 \u00e0s 19h desta segunda (01) pelas Secretarias Estaduais de Sa\u00fade de todos os estados brasileiros. O [&hellip;]<\/p>\n","protected":false},"author":96,"featured_media":161011,"comment_status":"closed","ping_status":"closed","sticky":false,"template":"","format":"standard","meta":{"footnotes":""},"categories":[302,436,440,439],"tags":[],"class_list":["post-161472","post","type-post","status-publish","format-standard","has-post-thumbnail","hentry","category-brasil-mundo","category-destaque-da-semana","category-destaques-do-dia","category-ultima-hora"],"_links":{"self":[{"href":"https:\/\/diarioregionaldigital.com.br\/index.php?rest_route=\/wp\/v2\/posts\/161472","targetHints":{"allow":["GET"]}}],"collection":[{"href":"https:\/\/diarioregionaldigital.com.br\/index.php?rest_route=\/wp\/v2\/posts"}],"about":[{"href":"https:\/\/diarioregionaldigital.com.br\/index.php?rest_route=\/wp\/v2\/types\/post"}],"author":[{"embeddable":true,"href":"https:\/\/diarioregionaldigital.com.br\/index.php?rest_route=\/wp\/v2\/users\/96"}],"replies":[{"embeddable":true,"href":"https:\/\/diarioregionaldigital.com.br\/index.php?rest_route=%2Fwp%2Fv2%2Fcomments&post=161472"}],"version-history":[{"count":0,"href":"https:\/\/diarioregionaldigital.com.br\/index.php?rest_route=\/wp\/v2\/posts\/161472\/revisions"}],"wp:featuredmedia":[{"embeddable":true,"href":"https:\/\/diarioregionaldigital.com.br\/index.php?rest_route=\/wp\/v2\/media\/161011"}],"wp:attachment":[{"href":"https:\/\/diarioregionaldigital.com.br\/index.php?rest_route=%2Fwp%2Fv2%2Fmedia&parent=161472"}],"wp:term":[{"taxonomy":"category","embeddable":true,"href":"https:\/\/diarioregionaldigital.com.br\/index.php?rest_route=%2Fwp%2Fv2%2Fcategories&post=161472"},{"taxonomy":"post_tag","embeddable":true,"href":"https:\/\/diarioregionaldigital.com.br\/index.php?rest_route=%2Fwp%2Fv2%2Ftags&post=161472"}],"curies":[{"name":"wp","href":"https:\/\/api.w.org\/{rel}","templated":true}]}}