{"id":161469,"date":"2020-06-01T18:42:48","date_gmt":"2020-06-01T21:42:48","guid":{"rendered":"https:\/\/diarioregionaldigital.com.br\/?p=161469"},"modified":"2020-06-01T18:42:48","modified_gmt":"2020-06-01T21:42:48","slug":"motorista-de-onibus-e-vitima-de-ameaca-em-nova-benfica","status":"publish","type":"post","link":"https:\/\/diarioregionaldigital.com.br\/?p=161469","title":{"rendered":"Motorista de \u00f4nibus \u00e9 v\u00edtima de amea\u00e7a em Nova Benfica"},"content":{"rendered":"<p>Um motorista de \u00f4nibus, junto com outro funcion\u00e1rio, realizava servi\u00e7o no \u00f4nibus coletivo que faz a linha 736 Nova Benfica, quando um indiv\u00edduo entrou no coletivo vindo a assentar no banco pr\u00f3ximo ao motorista. Em determinado momento o autor de posse de uma faca anunciou o roubo vindo a amea\u00e7ar o motorista do \u00f4nibus encostando a referida faca no pesco\u00e7o deste. Logo em seguida, o suspeito determinou que a cobradora entregasse todos os pertences que estavam no bolso dela. Logo ap\u00f3s o roubo o autor desembarcou do coletivo e\u00a0 fugiu sentido ao Bairro S\u00e3o Dami\u00e3o (Regi\u00e3o Noroeste). Foi mostrado as v\u00edtimas e testemunhas um \u00e1lbum de foto de autores de roubo sendo que estas reconheceram o indiv\u00edduo anotado acima como autor do roubo. Militares realizaram rastreamento porem sem \u00eaxito.<\/p>\n","protected":false},"excerpt":{"rendered":"<p>Um motorista de \u00f4nibus, junto com outro funcion\u00e1rio, realizava servi\u00e7o no \u00f4nibus coletivo que faz a linha 736 Nova Benfica, quando um indiv\u00edduo entrou no coletivo vindo a assentar no banco pr\u00f3ximo ao motorista. Em determinado momento o autor de posse de uma faca anunciou o roubo vindo a amea\u00e7ar o motorista do \u00f4nibus encostando [&hellip;]<\/p>\n","protected":false},"author":96,"featured_media":161269,"comment_status":"closed","ping_status":"closed","sticky":false,"template":"","format":"standard","meta":{"footnotes":""},"categories":[301,436,439],"tags":[],"class_list":["post-161469","post","type-post","status-publish","format-standard","has-post-thumbnail","hentry","category-artigos-policiais","category-destaque-da-semana","category-ultima-hora"],"_links":{"self":[{"href":"https:\/\/diarioregionaldigital.com.br\/index.php?rest_route=\/wp\/v2\/posts\/161469","targetHints":{"allow":["GET"]}}],"collection":[{"href":"https:\/\/diarioregionaldigital.com.br\/index.php?rest_route=\/wp\/v2\/posts"}],"about":[{"href":"https:\/\/diarioregionaldigital.com.br\/index.php?rest_route=\/wp\/v2\/types\/post"}],"author":[{"embeddable":true,"href":"https:\/\/diarioregionaldigital.com.br\/index.php?rest_route=\/wp\/v2\/users\/96"}],"replies":[{"embeddable":true,"href":"https:\/\/diarioregionaldigital.com.br\/index.php?rest_route=%2Fwp%2Fv2%2Fcomments&post=161469"}],"version-history":[{"count":0,"href":"https:\/\/diarioregionaldigital.com.br\/index.php?rest_route=\/wp\/v2\/posts\/161469\/revisions"}],"wp:featuredmedia":[{"embeddable":true,"href":"https:\/\/diarioregionaldigital.com.br\/index.php?rest_route=\/wp\/v2\/media\/161269"}],"wp:attachment":[{"href":"https:\/\/diarioregionaldigital.com.br\/index.php?rest_route=%2Fwp%2Fv2%2Fmedia&parent=161469"}],"wp:term":[{"taxonomy":"category","embeddable":true,"href":"https:\/\/diarioregionaldigital.com.br\/index.php?rest_route=%2Fwp%2Fv2%2Fcategories&post=161469"},{"taxonomy":"post_tag","embeddable":true,"href":"https:\/\/diarioregionaldigital.com.br\/index.php?rest_route=%2Fwp%2Fv2%2Ftags&post=161469"}],"curies":[{"name":"wp","href":"https:\/\/api.w.org\/{rel}","templated":true}]}}