{"id":161465,"date":"2020-06-01T18:33:07","date_gmt":"2020-06-01T21:33:07","guid":{"rendered":"https:\/\/diarioregionaldigital.com.br\/?p=161465"},"modified":"2020-06-01T18:33:07","modified_gmt":"2020-06-01T21:33:07","slug":"adolescente-rouba-distribuidora-de-bebidas","status":"publish","type":"post","link":"https:\/\/diarioregionaldigital.com.br\/?p=161465","title":{"rendered":"Adolescente rouba distribuidora de bebidas"},"content":{"rendered":"<p>Uma distribuidora de bebidas, localizada no Bairro de Lourdes (Regi\u00e3o Leste) em Juiz de Fora, foi roubada por um adolescente de 16 anos e o mesmo estava com posse de arma de fogo. Ao chegar no local, o infrator anunciou o roubo e agrediu uma das v\u00edtimas com uma coronhada na cabe\u00e7a. O autor levou quantia de R$1.500 e fugiu do local, junto com um outro indiv\u00edduo que estava do lado de fora do estabelecimento e os dois sa\u00edram em dire\u00e7\u00e3o a uma pedreira do bairro. A Pol\u00edcia Militar (PM) realizou rastreamento mas sem \u00eaxito.<\/p>\n","protected":false},"excerpt":{"rendered":"<p>Uma distribuidora de bebidas, localizada no Bairro de Lourdes (Regi\u00e3o Leste) em Juiz de Fora, foi roubada por um adolescente de 16 anos e o mesmo estava com posse de arma de fogo. Ao chegar no local, o infrator anunciou o roubo e agrediu uma das v\u00edtimas com uma coronhada na cabe\u00e7a. O autor levou [&hellip;]<\/p>\n","protected":false},"author":96,"featured_media":161269,"comment_status":"closed","ping_status":"closed","sticky":false,"template":"","format":"standard","meta":{"footnotes":""},"categories":[301,436,439],"tags":[],"class_list":["post-161465","post","type-post","status-publish","format-standard","has-post-thumbnail","hentry","category-artigos-policiais","category-destaque-da-semana","category-ultima-hora"],"_links":{"self":[{"href":"https:\/\/diarioregionaldigital.com.br\/index.php?rest_route=\/wp\/v2\/posts\/161465","targetHints":{"allow":["GET"]}}],"collection":[{"href":"https:\/\/diarioregionaldigital.com.br\/index.php?rest_route=\/wp\/v2\/posts"}],"about":[{"href":"https:\/\/diarioregionaldigital.com.br\/index.php?rest_route=\/wp\/v2\/types\/post"}],"author":[{"embeddable":true,"href":"https:\/\/diarioregionaldigital.com.br\/index.php?rest_route=\/wp\/v2\/users\/96"}],"replies":[{"embeddable":true,"href":"https:\/\/diarioregionaldigital.com.br\/index.php?rest_route=%2Fwp%2Fv2%2Fcomments&post=161465"}],"version-history":[{"count":0,"href":"https:\/\/diarioregionaldigital.com.br\/index.php?rest_route=\/wp\/v2\/posts\/161465\/revisions"}],"wp:featuredmedia":[{"embeddable":true,"href":"https:\/\/diarioregionaldigital.com.br\/index.php?rest_route=\/wp\/v2\/media\/161269"}],"wp:attachment":[{"href":"https:\/\/diarioregionaldigital.com.br\/index.php?rest_route=%2Fwp%2Fv2%2Fmedia&parent=161465"}],"wp:term":[{"taxonomy":"category","embeddable":true,"href":"https:\/\/diarioregionaldigital.com.br\/index.php?rest_route=%2Fwp%2Fv2%2Fcategories&post=161465"},{"taxonomy":"post_tag","embeddable":true,"href":"https:\/\/diarioregionaldigital.com.br\/index.php?rest_route=%2Fwp%2Fv2%2Ftags&post=161465"}],"curies":[{"name":"wp","href":"https:\/\/api.w.org\/{rel}","templated":true}]}}