{"id":161463,"date":"2020-06-01T18:26:38","date_gmt":"2020-06-01T21:26:38","guid":{"rendered":"https:\/\/diarioregionaldigital.com.br\/?p=161463"},"modified":"2020-06-01T18:44:57","modified_gmt":"2020-06-01T21:44:57","slug":"juiz-de-fora-tem-34-mortes-confirmadas","status":"publish","type":"post","link":"https:\/\/diarioregionaldigital.com.br\/?p=161463","title":{"rendered":"Juiz de Fora tem 34 mortes confirmadas"},"content":{"rendered":"<p>A Secretaria de Sa\u00fade (SS) da Prefeitura de Juiz de Fora (PJF), confirmou em boletim divulgado nesta segunda-feira (1), que Juiz de Fora obteve mais dois \u00f3bitos por Coronav\u00edrus, totalizando 34 mortes no munic\u00edpio. Os casos confirmados chegam a 647 e suspeitos a 4.698.<\/p>\n<p>Uma das v\u00edtimas \u00e9 uma mulher de 45 anos que morreu no \u00faltimo s\u00e1bado, 30. Ela tinha Doen\u00e7a Cardiovascular Cr\u00f4nica (DCC) e Hipertens\u00e3o Arterial Sist\u00eamica (HAS) severa descompensada e n\u00e3o tratada. A outra morte registrada \u00e9 de um idosa de 64 anos que tinha Doen\u00e7a Cardiovascular Cr\u00f4nica (DCC) e Diabetes Mellitus (DM). O \u00f3bito ocorreu no dia 18 de maio.<\/p>\n","protected":false},"excerpt":{"rendered":"<p>A Secretaria de Sa\u00fade (SS) da Prefeitura de Juiz de Fora (PJF), confirmou em boletim divulgado nesta segunda-feira (1), que Juiz de Fora obteve mais dois \u00f3bitos por Coronav\u00edrus, totalizando 34 mortes no munic\u00edpio. Os casos confirmados chegam a 647 e suspeitos a 4.698. Uma das v\u00edtimas \u00e9 uma mulher de 45 anos que morreu [&hellip;]<\/p>\n","protected":false},"author":96,"featured_media":160492,"comment_status":"closed","ping_status":"closed","sticky":false,"template":"","format":"standard","meta":{"footnotes":""},"categories":[253,436,440,439],"tags":[],"class_list":["post-161463","post","type-post","status-publish","format-standard","has-post-thumbnail","hentry","category-cidade","category-destaque-da-semana","category-destaques-do-dia","category-ultima-hora"],"_links":{"self":[{"href":"https:\/\/diarioregionaldigital.com.br\/index.php?rest_route=\/wp\/v2\/posts\/161463","targetHints":{"allow":["GET"]}}],"collection":[{"href":"https:\/\/diarioregionaldigital.com.br\/index.php?rest_route=\/wp\/v2\/posts"}],"about":[{"href":"https:\/\/diarioregionaldigital.com.br\/index.php?rest_route=\/wp\/v2\/types\/post"}],"author":[{"embeddable":true,"href":"https:\/\/diarioregionaldigital.com.br\/index.php?rest_route=\/wp\/v2\/users\/96"}],"replies":[{"embeddable":true,"href":"https:\/\/diarioregionaldigital.com.br\/index.php?rest_route=%2Fwp%2Fv2%2Fcomments&post=161463"}],"version-history":[{"count":0,"href":"https:\/\/diarioregionaldigital.com.br\/index.php?rest_route=\/wp\/v2\/posts\/161463\/revisions"}],"wp:featuredmedia":[{"embeddable":true,"href":"https:\/\/diarioregionaldigital.com.br\/index.php?rest_route=\/wp\/v2\/media\/160492"}],"wp:attachment":[{"href":"https:\/\/diarioregionaldigital.com.br\/index.php?rest_route=%2Fwp%2Fv2%2Fmedia&parent=161463"}],"wp:term":[{"taxonomy":"category","embeddable":true,"href":"https:\/\/diarioregionaldigital.com.br\/index.php?rest_route=%2Fwp%2Fv2%2Fcategories&post=161463"},{"taxonomy":"post_tag","embeddable":true,"href":"https:\/\/diarioregionaldigital.com.br\/index.php?rest_route=%2Fwp%2Fv2%2Ftags&post=161463"}],"curies":[{"name":"wp","href":"https:\/\/api.w.org\/{rel}","templated":true}]}}