{"id":161460,"date":"2020-06-01T18:20:39","date_gmt":"2020-06-01T21:20:39","guid":{"rendered":"https:\/\/diarioregionaldigital.com.br\/?p=161460"},"modified":"2020-06-01T18:20:39","modified_gmt":"2020-06-01T21:20:39","slug":"prefeito-anuncia-pagamento-de-servidores-acoes-de-fiscalizacao-e-numeros-da-covid-19","status":"publish","type":"post","link":"https:\/\/diarioregionaldigital.com.br\/?p=161460","title":{"rendered":"Prefeito anuncia pagamento de servidores, a\u00e7\u00f5es de fiscaliza\u00e7\u00e3o e n\u00fameros da covid-19"},"content":{"rendered":"<p><span style=\"font-weight: 400;\">Na manh\u00e3 dessa segunda-feira, (1), o prefeito de Juiz de Fora, Ant\u00f4nio Almas, realizou transmiss\u00e3o ao vivo (live) nas redes sociais, com acompanhamento de int\u00e9rpretes de libras, que n\u00e3o usaram m\u00e1scara, pois \u00e9 necess\u00e1ria express\u00e3o facial para melhor entendimento da comunidade surda. Durante a live foi abordado o escalonamento do sal\u00e1rio dos funcion\u00e1rios p\u00fablicos, os n\u00fameros de den\u00fancias e a\u00e7\u00f5es fiscais realizadas, al\u00e9m da atualiza\u00e7\u00e3o do total de registros de coronav\u00edrus (covid-19) na cidade, respondendo aos questionamentos da popula\u00e7\u00e3o.<\/span><\/p>\n<p><span style=\"font-weight: 400;\">Em rela\u00e7\u00e3o ao pagamento do sal\u00e1rio, Ant\u00f4nio Almas explicou a medida tomada pela Prefeitura de Juiz de Fora (PJF): \u201cQuem recebe at\u00e9 R$ 2 mil l\u00edquido ou est\u00e1 na linha de frente no combate \u00e0 pandemia receber\u00e1 o sal\u00e1rio integral nesta sexta-feira, quinto dia \u00fatil. Para os demais, faremos o pagamento de 60% do sal\u00e1rio l\u00edquido, na mesma data, e o restante ser\u00e1 pago quando o aux\u00edlio emergencial do Governo federal chegar. \u00c9 importante ressaltar que, ap\u00f3s o dep\u00f3sito efetuado pela Uni\u00e3o, leva-se um prazo de at\u00e9 cinco dias para o pagamento ser depositado\u201d.<\/span><\/p>\n<p><b>Mais de 1.650 estabelecimentos fiscalizados<\/b><\/p>\n<p><span style=\"font-weight: 400;\">A Secretaria de Meio Ambiente e Ordenamento Urbano (Semaur) j\u00e1 atendeu 1.656 den\u00fancias a respeito do descumprimento do Decreto Municipal n\u00ba 13.929, o que corresponde a 94% das den\u00fancias feitas entre 17 de mar\u00e7o e 29 de maio.<\/span><\/p>\n<p><span style=\"font-weight: 400;\">Os bairros com mais den\u00fancias s\u00e3o Benfica, Santa Luzia, S\u00e3o Mateus, S\u00e3o Pedro, Santa Terezinha e Manoel Hon\u00f3rio e o Centro, e as principais atividades reclamadas s\u00e3o bares, igrejas, sal\u00f5es de beleza, academias de gin\u00e1stica e clubes. J\u00e1 foram emitidos 554 documentos fiscais, sendo 516 notifica\u00e7\u00f5es, 17 dilig\u00eancias fiscais, 15 autos de infra\u00e7\u00e3o e seis de interdi\u00e7\u00e3o.<\/span><\/p>\n<p><b>Nove bairros fiscalizados neste final de semana<\/b><\/p>\n<p><span style=\"font-weight: 400;\">Uma das principais den\u00fancias feitas pela popula\u00e7\u00e3o s\u00e3o os bares abertos ap\u00f3s o per\u00edodo permitido (19 horas), causando aglomera\u00e7\u00f5es e descumprindo regras de distanciamento entre as mesas, entre outras. Em virtude disso, o Departamento de Fiscaliza\u00e7\u00e3o da Semaur tem realizado a\u00e7\u00f5es fiscais noturnas nos finais de semana, desde o in\u00edcio da pandemia. At\u00e9 a \u00faltima quinta-feira, 28, foram 141 a\u00e7\u00f5es em bares, restaurantes e lanchonetes, que resultaram em 123 notifica\u00e7\u00f5es, 14 autos de infra\u00e7\u00e3o e quatro interdi\u00e7\u00f5es. Os n\u00fameros s\u00e3o referentes a 45 bares, 60 restaurantes e 36 lanchonetes, que estavam descumprindo ao menos um item do decreto municipal.<\/span><\/p>\n<p><span style=\"font-weight: 400;\">Neste final de semana foram duas frentes de trabalho. Uma realizada pelos fiscais de posturas nos bairros Santa Luzia, Santa Terezinha, S\u00e3o Pedro, Mariano Proc\u00f3pio e Eldorado e no Centro. Outra, feita pela fiscaliza\u00e7\u00e3o, em parceria com os guardas municipais, agentes de transporte e tr\u00e2nsito e de endemias e Corpo de Bombeiro, atrav\u00e9s do comboio de a\u00e7\u00f5es preventivas contra o coronav\u00edrus. A a\u00e7\u00e3o noturna, com foco em bares, aconteceu em Benfica, Bandeirantes e Manoel Hon\u00f3rio.<\/span><\/p>\n<p><span style=\"font-weight: 400;\">Desde 18 de maio, quando teve in\u00edcio, o comboio com a\u00e7\u00f5es de preven\u00e7\u00e3o, fiscaliza\u00e7\u00e3o e descontamina\u00e7\u00e3o (feita pelo Demlurb, o Departamento Municipal de Limpeza Urbana), j\u00e1 realizou 20 a\u00e7\u00f5es em 15 bairros. Os locais escolhidos levam em conta o n\u00famero de den\u00fancias referentes ao descumprimento do decreto municipal.<\/span><\/p>\n<p><b>Funcionamento de estabelecimentos fora da \u201conda verde\u201d<\/b><\/p>\n<p><span style=\"font-weight: 400;\">O funcionamento de autoescolas (\u201conda branca\u201d), bancas de jornais e revistas (\u201camarela\u201d), sal\u00f5es de beleza e barbeiros (\u201cvermelha\u201d) e academias de gin\u00e1stica (s\u00f3 p\u00f3s-pandemia) foi questionado durante a transmiss\u00e3o ao vivo. Juiz de Fora aderiu ao programa do Governo estadual, o \u201cMinas Consciente\u201d, em maio. \u00c9 o estado que define qual servi\u00e7o entra em cada categoria. A Prefeitura, que est\u00e1 na \u201conda verde\u201d, optou em seguir rigorosamente as atividades expressas no programa, e, por isso, n\u00e3o \u00e9 permitido o funcionamento das atividades de outras \u201condas\u201d, cabendo a reclassifica\u00e7\u00e3o ao Governo de Minas.<\/span><\/p>\n<p><span style=\"font-weight: 400;\">A cada 21 dias \u00e9 avaliada a situa\u00e7\u00e3o epidemiol\u00f3gica n\u00e3o s\u00f3 do Munic\u00edpio, como da macrorregi\u00e3o, que comp\u00f5e 94 cidades. E \u00e9 a partir desses dados que h\u00e1 o avan\u00e7o de \u201conda\u201d, manuten\u00e7\u00e3o ou regress\u00e3o. Nesta sexta-feira, 5, ser\u00e3o 21 dias da ades\u00e3o \u00e0 \u201conda verde\u201d, podendo vir a migrar para a \u201cbranca\u201d. Essa an\u00e1lise e posterior mudan\u00e7a \u00e9 definida pelo estado.<\/span><\/p>\n<p><b>N\u00fameros da covid<\/b><\/p>\n<p><span style=\"font-weight: 400;\">De acordo com dados divulgados nessa segunda-feira, Juiz de Fora tem 4.596 casos suspeitos de coronav\u00edrus, 647 confirmados e 34 \u00f3bitos. A taxa de isolamento social nos \u00faltimos sete dias, importante ferramenta para conter o avan\u00e7o da doen\u00e7a, foi de 50,82%.<\/span><\/p>\n<p><span style=\"font-weight: 400;\">Juiz de Fora tem 238 leitos de Unidade de Terapia Intensiva (UTI). Este n\u00famero inclui leitos p\u00fablicos e privados. S\u00e3o 107 pessoas hospitalizadas com covid-19, sendo 55 em UTI. A taxa de ocupa\u00e7\u00e3o \u00e9 de 72,69%, levando-se em conta os sistemas p\u00fablico e privado. Se for analisado apenas a ocupa\u00e7\u00e3o de UTI do Sistema \u00danico de Sa\u00fade (SUS), a taxa de ocupa\u00e7\u00e3o de 78,91%.<\/span><\/p>\n<p>&nbsp;<\/p>\n<p><strong>Fonte:\u00a0<\/strong>Assessoria<\/p>\n","protected":false},"excerpt":{"rendered":"<p>Na manh\u00e3 dessa segunda-feira, (1), o prefeito de Juiz de Fora, Ant\u00f4nio Almas, realizou transmiss\u00e3o ao vivo (live) nas redes sociais, com acompanhamento de int\u00e9rpretes de libras, que n\u00e3o usaram m\u00e1scara, pois \u00e9 necess\u00e1ria express\u00e3o facial para melhor entendimento da comunidade surda. Durante a live foi abordado o escalonamento do sal\u00e1rio dos funcion\u00e1rios p\u00fablicos, os [&hellip;]<\/p>\n","protected":false},"author":96,"featured_media":161461,"comment_status":"closed","ping_status":"closed","sticky":false,"template":"","format":"standard","meta":{"footnotes":""},"categories":[253,436,440,439],"tags":[],"class_list":["post-161460","post","type-post","status-publish","format-standard","has-post-thumbnail","hentry","category-cidade","category-destaque-da-semana","category-destaques-do-dia","category-ultima-hora"],"_links":{"self":[{"href":"https:\/\/diarioregionaldigital.com.br\/index.php?rest_route=\/wp\/v2\/posts\/161460","targetHints":{"allow":["GET"]}}],"collection":[{"href":"https:\/\/diarioregionaldigital.com.br\/index.php?rest_route=\/wp\/v2\/posts"}],"about":[{"href":"https:\/\/diarioregionaldigital.com.br\/index.php?rest_route=\/wp\/v2\/types\/post"}],"author":[{"embeddable":true,"href":"https:\/\/diarioregionaldigital.com.br\/index.php?rest_route=\/wp\/v2\/users\/96"}],"replies":[{"embeddable":true,"href":"https:\/\/diarioregionaldigital.com.br\/index.php?rest_route=%2Fwp%2Fv2%2Fcomments&post=161460"}],"version-history":[{"count":0,"href":"https:\/\/diarioregionaldigital.com.br\/index.php?rest_route=\/wp\/v2\/posts\/161460\/revisions"}],"wp:featuredmedia":[{"embeddable":true,"href":"https:\/\/diarioregionaldigital.com.br\/index.php?rest_route=\/wp\/v2\/media\/161461"}],"wp:attachment":[{"href":"https:\/\/diarioregionaldigital.com.br\/index.php?rest_route=%2Fwp%2Fv2%2Fmedia&parent=161460"}],"wp:term":[{"taxonomy":"category","embeddable":true,"href":"https:\/\/diarioregionaldigital.com.br\/index.php?rest_route=%2Fwp%2Fv2%2Fcategories&post=161460"},{"taxonomy":"post_tag","embeddable":true,"href":"https:\/\/diarioregionaldigital.com.br\/index.php?rest_route=%2Fwp%2Fv2%2Ftags&post=161460"}],"curies":[{"name":"wp","href":"https:\/\/api.w.org\/{rel}","templated":true}]}}