{"id":161457,"date":"2020-06-01T18:15:14","date_gmt":"2020-06-01T21:15:14","guid":{"rendered":"https:\/\/diarioregionaldigital.com.br\/?p=161457"},"modified":"2020-06-01T18:15:14","modified_gmt":"2020-06-01T21:15:14","slug":"governo-lanca-projeto-arte-salva-para-auxiliar-profissionais-da-cultura-e-turismo-durante-pandemia","status":"publish","type":"post","link":"https:\/\/diarioregionaldigital.com.br\/?p=161457","title":{"rendered":"Governo lan\u00e7a Projeto Arte Salva para auxiliar profissionais da Cultura e Turismo durante pandemia"},"content":{"rendered":"<p><main class=\"clear margin-md-bottom-3\"><\/p>\n<div class=\"clear \">\n<p>Uma rede solid\u00e1ria formada pelo\u00a0Governo de Minas Gerais, iniciativa privada e entidades da sociedade civil em prol dos realizadores e empreendedores da Cultura e Turismo do estado. Essa \u00e9 a proposta do \u201cArte Salva\u201d, lan\u00e7ado pelo governador Romeu Zema nesta segunda-feira (1\/6). O movimento re\u00fane uma s\u00e9rie de a\u00e7\u00f5es de apoio \u00e0s cadeias produtivas dos dois setores, por meio de articula\u00e7\u00e3o e refor\u00e7o logi\u0301stico a campanhas de arrecadac\u0327a\u0303o de doac\u0327\u00f5es, de prestac\u0327a\u0303o de informac\u0327o\u0303es sobre acesso a poli\u0301ticas pu\u0301blicas, linhas de cre\u0301dito, a\u00e7\u00f5es de capacita\u00e7\u00e3o, lan\u00e7amento de editais e outras atividades.<\/p>\n<p>At\u00e9 o momento, mais de 60 parceiros j\u00e1 se juntaram ao movimento Arte Salva, que partiu de uma articula\u00e7\u00e3o da\u00a0Secretaria de Estado de Cultura e Turismo de Minas Gerais (Secult)\u00a0com diversos \u00f3rg\u00e3os do governo, como\u00a0Secretaria de Estado de Desenvolvimento Social (Sedese),\u00a0Secretaria de Sa\u00fade (SES-MG),\u00a0Servas,\u00a0Defesa Civil,\u00a0BDMG,\u00a0Codemge\u00a0e todo o sistema de Cultura do Estado, al\u00e9m de parcerias com empresas, associa\u00e7\u00f5es, entidades e coletivos da sociedade civil e universidades, como Sesc em Minas e Cruz Vermelha.<\/p>\n<p><strong>Suporte emergencial<\/strong><\/p>\n<p>Segundo o governador, o objetivo do projeto \u00e9, a partir do di\u00e1logo e esfor\u00e7o conjunto de diversos segmentos, auxiliar com suporte emergencial profissionais e comunidades que se encontram em maior vulnerabilidade, como circenses, quilombolas, ind\u00edgenas, artistas de rua, t\u00e9cnicos, artes\u00e3os, guias tur\u00edsticos, gar\u00e7ons, artistas, m\u00fasicos, entre outros.<\/p>\n<p>\u201cCom o advento da pandemia, n\u00f3s sabemos que uma das categorias mais afetadas \u00e9 a dos artistas, aqueles que trabalham em circos, nas ruas, em bares e casas de shows. Com a crise, todas essas aglomera\u00e7\u00f5es ficaram suspensas \u2013 e ainda dever\u00e3o ficar por um bom tempo \u2013 e esses artistas foram muito afetados. Al\u00e9m deles est\u00e3o os artes\u00e3os, que dependiam de atividades tur\u00edsticas.\u00a0 O que n\u00f3s estamos propondo neste momento \u00e9 alguma forma de manter estas pessoas com uma certa dignidade diante deste cen\u00e1rio\u201d, explicou o governador.<\/p>\n<p><strong>Credibilidade<\/strong><\/p>\n<p>Zema destacou, ainda, que a credibilidade do Governo de Minas tem ajudado no grande n\u00famero de doa\u00e7\u00f5es recebidas. \u201cAs empresas e as pessoas sabem que a doa\u00e7\u00e3o vai chegar ao seu destino e vai ser aplicada onde ela ter\u00e1 o impacto mais positivo. Isso \u00e9 fruto de um trabalho das nossas entidades sociais\u201d, disse. O governador tamb\u00e9m lembrou que uma das a\u00e7\u00f5es do projeto ser\u00e1 por meio da participa\u00e7\u00e3o de artistas famosos para ajudar a arrecadar doa\u00e7\u00f5es.<\/p>\n<p>O vice-governador Paulo Brant ressaltou a import\u00e2ncia do papel do governo em prol da sociedade. \u201cO maior ativo que um governo tem, um governo democr\u00e1tico, \u00e9 que tenha capacidade de mobilizar, de articular, e este programa \u00e9 exatamente isso. \u00c9 um modelo de programa exemplar, porque usa o que temos de sobra, a credibilidade, a legitimidade e confian\u00e7a da sociedade mineira\u201d, afirmou.<\/p>\n<p><strong>Fundo de Cultura<\/strong><\/p>\n<p>O secret\u00e1rio de Cultura e Turismo (Secult), Le\u00f4nidas Oliveira, destacou que a primeira a\u00e7\u00e3o do projeto \u00e9 o edital emergencial de aux\u00edlio ao setor cultural via Fundo Estadual de Cultura (FEC), de R$ 2,5 milh\u00f5es, que ser\u00e1 publicado nesta semana. Ser\u00e3o contemplados 1.315 projetos, que receber\u00e3o um aporte no valor de R$ 1,9 mil para realiza\u00e7\u00e3o e execu\u00e7\u00e3o de v\u00eddeos de express\u00e3o art\u00edstico-cultural que ser\u00e3o transmitidos em ambiente digital, para artistas independentes, bandas, profissionais do circo e toda a diversidade de atividades que comp\u00f5em a cadeia cultural em Minas Gerais.<\/p>\n<p>\u201cO Arte Salva \u00e9 uma constru\u00e7\u00e3o coletiva e j\u00e1 est\u00e1 acontecendo. O que estamos fazendo, como poder p\u00fablico, \u00e9 organizar as demandas e impulsion\u00e1-las. Ainda pretendemos colaborar para que as cadeias produtivas do turismo e da cultura adquiram sustentabilidade e para que se capacitem. Estamos buscando patroc\u00ednios e parceiros tamb\u00e9m na iniciativa privada, colocando nossa estrutura \u00e0 disposi\u00e7\u00e3o e produzindo editais de fomento, que ir\u00e3o se somar \u00e0s atividades do projeto\u201d, aponta Le\u00f4nidas de Oliveira.<\/p>\n<p>Entre as demais a\u00e7\u00f5es est\u00e3o outro edital de R$ 2,5 milh\u00f5es, desta vez em parceria com a Cemig, com foco principalmente no interior; a estrutura\u00e7\u00e3o do centro de opera\u00e7\u00f5es do Arte Salva no Museu Mineiro para aumento do alcance e fortalecimento de campanhas de arrecada\u00e7\u00e3o e entrega de doa\u00e7\u00f5es; a a\u00e7\u00e3o do BDMG dirigida \u00e0s cadeias da Cultura e do Turismo com R$ 4 bilh\u00f5es em linhas de cr\u00e9dito.<\/p>\n<p>Tamb\u00e9m fazem parte do projeto a coleta e doa\u00e7\u00e3o de alimentos para garantir a seguran\u00e7a alimentar de comunidades tradicionais e profissionais das cadeias produtivas do setor, por meio da parceria com o projeto Mesa Brasil Sesc; cursos de capacita\u00e7\u00e3o em parceria com universidades; e a cria\u00e7\u00e3o de um espa\u00e7o amplo para aten\u00e7\u00e3o integrada a at\u00e9 mil pessoas por dia, em parceria com a Pastoral de Rua da Arquidiocese de Belo Horizonte, na Serraria Souza Pinto, por meio cess\u00e3o do espa\u00e7o pelo Governo do Estado.<\/p>\n<p><strong>Solidariedade<\/strong><\/p>\n<p>A secret\u00e1ria de Desenvolvimento Social Elizabeth Juc\u00e1 falou sobre a necessidade do desenvolvimento de projetos assistenciais para o setor. \u201cEste projeto \u00e9 transversal de governo com outros parceiros externos. O que n\u00f3s precisamos neste momento \u00e9 trazer esperan\u00e7a e solidariedade. Hoje temos mapeadas em torno de 30 mil fam\u00edlias de povos e comunidades tradicionais que s\u00e3o patrim\u00f4nio imaterial de Minas Gerais e est\u00e3o necessitando de ajuda. Este projeto vai trazer, pela arte, salva\u00e7\u00e3o para estas pessoas\u201d, afirmou.<\/p>\n<p><strong>Parcerias<\/strong><\/p>\n<p>Para apoiar a coleta, o armazenamento e distribui\u00e7\u00e3o de doa\u00e7\u00f5es de diversas campanhas voltadas para o setor, o Arte Salva conta com a parceria do Mesa Brasil Sesc. O programa possui equipe t\u00e9cnica e operacional devidamente qualificada para executar com efic\u00e1cia a retirada e a distribui\u00e7\u00e3o das doa\u00e7\u00f5es, al\u00e9m do acompanhamento e monitoramento das a\u00e7\u00f5es.<\/p>\n<p>Para o diretor de Programas Sociais, Servi\u00e7os e Opera\u00e7\u00f5es do Sesc em Minas, Grijalva Duarte, o convite para se juntar ao Arte Salva foi prontamente aceito devido \u00e0 import\u00e2ncia de unir for\u00e7as neste momento desafiador. \u201cDesde o in\u00edcio da pandemia, o Sesc em Minas tem atuado em v\u00e1rias frentes para conter o avan\u00e7o da covid-19 e seus impactos em nosso estado. Por isso, fazemos parte do Arte Salva, um movimento em favor daqueles que vivem da Cultura e do Turismo, duas \u00e1reas t\u00e3o importantes para a atua\u00e7\u00e3o do Sesc no estado e para a nossa economia, duramente atingida pelo momento atual\u201d, declarou.<\/p>\n<p>Al\u00e9m da tecnologia com o uso do QR Code para doa\u00e7\u00f5es, da experi\u00eancia na log\u00edstica para recebimento e distribui\u00e7\u00e3o de doa\u00e7\u00f5es de alimentos, o Sesc vai dar apoio na estrutura\u00e7\u00e3o do centro operacional do Arte Salva localizado no Museu Mineiro (Av. Jo\u00e3o Pinheiro, 342, bairro Lourdes, BH\/MG).<\/p>\n<\/div>\n<p>&nbsp;<\/p>\n<p><strong>Fonte:\u00a0<\/strong>Ag\u00eancia Minas<\/p>\n<p><\/main><\/p>\n","protected":false},"excerpt":{"rendered":"<p>Uma rede solid\u00e1ria formada pelo\u00a0Governo de Minas Gerais, iniciativa privada e entidades da sociedade civil em prol dos realizadores e empreendedores da Cultura e Turismo do estado. Essa \u00e9 a proposta do \u201cArte Salva\u201d, lan\u00e7ado pelo governador Romeu Zema nesta segunda-feira (1\/6). O movimento re\u00fane uma s\u00e9rie de a\u00e7\u00f5es de apoio \u00e0s cadeias produtivas dos [&hellip;]<\/p>\n","protected":false},"author":96,"featured_media":161458,"comment_status":"closed","ping_status":"closed","sticky":false,"template":"","format":"standard","meta":{"footnotes":""},"categories":[436,254,439],"tags":[],"class_list":["post-161457","post","type-post","status-publish","format-standard","has-post-thumbnail","hentry","category-destaque-da-semana","category-politica","category-ultima-hora"],"_links":{"self":[{"href":"https:\/\/diarioregionaldigital.com.br\/index.php?rest_route=\/wp\/v2\/posts\/161457","targetHints":{"allow":["GET"]}}],"collection":[{"href":"https:\/\/diarioregionaldigital.com.br\/index.php?rest_route=\/wp\/v2\/posts"}],"about":[{"href":"https:\/\/diarioregionaldigital.com.br\/index.php?rest_route=\/wp\/v2\/types\/post"}],"author":[{"embeddable":true,"href":"https:\/\/diarioregionaldigital.com.br\/index.php?rest_route=\/wp\/v2\/users\/96"}],"replies":[{"embeddable":true,"href":"https:\/\/diarioregionaldigital.com.br\/index.php?rest_route=%2Fwp%2Fv2%2Fcomments&post=161457"}],"version-history":[{"count":0,"href":"https:\/\/diarioregionaldigital.com.br\/index.php?rest_route=\/wp\/v2\/posts\/161457\/revisions"}],"wp:featuredmedia":[{"embeddable":true,"href":"https:\/\/diarioregionaldigital.com.br\/index.php?rest_route=\/wp\/v2\/media\/161458"}],"wp:attachment":[{"href":"https:\/\/diarioregionaldigital.com.br\/index.php?rest_route=%2Fwp%2Fv2%2Fmedia&parent=161457"}],"wp:term":[{"taxonomy":"category","embeddable":true,"href":"https:\/\/diarioregionaldigital.com.br\/index.php?rest_route=%2Fwp%2Fv2%2Fcategories&post=161457"},{"taxonomy":"post_tag","embeddable":true,"href":"https:\/\/diarioregionaldigital.com.br\/index.php?rest_route=%2Fwp%2Fv2%2Ftags&post=161457"}],"curies":[{"name":"wp","href":"https:\/\/api.w.org\/{rel}","templated":true}]}}