{"id":161450,"date":"2020-06-01T17:46:19","date_gmt":"2020-06-01T20:46:19","guid":{"rendered":"https:\/\/diarioregionaldigital.com.br\/?p=161450"},"modified":"2020-06-01T17:46:19","modified_gmt":"2020-06-01T20:46:19","slug":"prefeitura-intensifica-acoes-de-fiscalizacao-e-prevencao-no-fim-de-semana","status":"publish","type":"post","link":"https:\/\/diarioregionaldigital.com.br\/?p=161450","title":{"rendered":"Prefeitura intensifica a\u00e7\u00f5es de fiscaliza\u00e7\u00e3o e preven\u00e7\u00e3o no fim de semana"},"content":{"rendered":"<p><span style=\"font-weight: 400;\">Em cumprimento \u00e0s determina\u00e7\u00f5es legais previstas no Decreto 13.959, de ades\u00e3o ao &#8220;Plano Minas Consciente&#8221;, do Governo do estado, a Prefeitura de Juiz de Fora (PJF) intensificou a fiscaliza\u00e7\u00e3o e preven\u00e7\u00e3o ao coronav\u00edrus neste fim de semana. O comboio de a\u00e7\u00f5es estendeu seu trabalho na sexta-feira (29), s\u00e1bado (30) e domingo (31), em hor\u00e1rio especial, incluindo o per\u00edodo noturno. feiras-livres, com\u00e9rcio ambulante e bares foram os alvos da investida extra.<\/span><\/p>\n<p><span style=\"font-weight: 400;\">Na noite de sexta-feira as equipes estiveram nos bairros Bandeirantes e Manoel Hon\u00f3rio. Na manh\u00e3 de s\u00e1bado foi a vez da feira-livre de Santa Luzia. \u00c0 noite, Benfica. E no domingo, o com\u00e9rcio irregular na Avenida Brasil, pr\u00f3ximo \u00e0 ponte da Rua Halfeld, teve abordagem preventiva e fiscalizat\u00f3ria. Neste \u00faltimo, a investida contou com rondas realizadas pela Guarda Municipal, durante a madrugada, a fim de evitar a montagem de barracas. Al\u00e9m disso, o Departamento de Fiscaliza\u00e7\u00e3o da Secretaria de Meio Ambiente e Ordenamento Urbano (Semaur), realizou, paralelamente, a\u00e7\u00e3o fiscal noturna nos bairros Santa Luzia, Santa Terezinha, S\u00e3o Pedro, Mariano Proc\u00f3pio e Eldorado e no Centro.<\/span><\/p>\n<p><span style=\"font-weight: 400;\">O comboio, denominado &#8220;Da Vida, Pela Vida&#8221;, foi criado como instrumento de refor\u00e7o da inser\u00e7\u00e3o dos servi\u00e7os da Prefeitura nas regi\u00f5es monitoradas com maior \u00edndice de descumprimento \u00e0s medidas de isolamento e \u00e0s regras de funcionamento do com\u00e9rcio. A defini\u00e7\u00e3o dos locais a serem visitados se baseia nas den\u00fancias recebidas pela Guarda Municipal e Semaur. Participaram das a\u00e7\u00f5es deste fim de semana fiscais de posturas, guardas municipais, agentes de transporte e tr\u00e2nsito e de endemias e Corpo de Bombeiros. No domingo, as equipes contaram com o apoio da Pol\u00edcia Militar.<\/span><\/p>\n<p><span style=\"font-weight: 400;\">As abordagens s\u00e3o baseadas na orienta\u00e7\u00e3o e preven\u00e7\u00e3o. Em contato com transeuntes e comerciantes s\u00e3o dadas dicas quanto \u00e0s condutas sanit\u00e1rias e legais, necess\u00e1rias para a redu\u00e7\u00e3o do n\u00famero de casos da covid-19 no Munic\u00edpio. Material gr\u00e1fico \u00e9 distribu\u00eddo e m\u00e1scaras oferecidas \u00e0s pessoas que se encontram sem a prote\u00e7\u00e3o. Durante o deslocamento, mensagem sonora endossa o prop\u00f3sito da a\u00e7\u00e3o, ampliando a divulga\u00e7\u00e3o dos objetivos do trabalho.<\/span><\/p>\n<p><b>Fiscaliza\u00e7\u00e3o em bares<\/b><\/p>\n<p><span style=\"font-weight: 400;\">Uma das principais den\u00fancias feitas pela popula\u00e7\u00e3o est\u00e1 relacionada aos bares abertos ap\u00f3s o per\u00edodo permitido, 19 horas, causando aglomera\u00e7\u00f5es e descumprindo regras de distanciamento das mesas, entre outras. Em virtude disso, a Semaur tem realizado a\u00e7\u00f5es fiscais noturnas nos finais de semana, desde o in\u00edcio da pandemia. At\u00e9 a \u00faltima quinta-feira, 28, foram feitas 141 a\u00e7\u00f5es em bares, restaurantes e lanchonetes, que resultaram em 123 notifica\u00e7\u00f5es, 14 autos de infra\u00e7\u00e3o e quatro interdi\u00e7\u00f5es. Os n\u00fameros s\u00e3o referentes a 45 bares, 60 restaurantes e 36 lanchonetes descumprindo ao menos um item do decreto municipal.<\/span><\/p>\n<p>&nbsp;<\/p>\n<p><strong>Fonte:<\/strong> Assessoria<\/p>\n","protected":false},"excerpt":{"rendered":"<p>Em cumprimento \u00e0s determina\u00e7\u00f5es legais previstas no Decreto 13.959, de ades\u00e3o ao &#8220;Plano Minas Consciente&#8221;, do Governo do estado, a Prefeitura de Juiz de Fora (PJF) intensificou a fiscaliza\u00e7\u00e3o e preven\u00e7\u00e3o ao coronav\u00edrus neste fim de semana. O comboio de a\u00e7\u00f5es estendeu seu trabalho na sexta-feira (29), s\u00e1bado (30) e domingo (31), em hor\u00e1rio especial, [&hellip;]<\/p>\n","protected":false},"author":96,"featured_media":161451,"comment_status":"closed","ping_status":"closed","sticky":false,"template":"","format":"standard","meta":{"footnotes":""},"categories":[253,436,439],"tags":[],"class_list":["post-161450","post","type-post","status-publish","format-standard","has-post-thumbnail","hentry","category-cidade","category-destaque-da-semana","category-ultima-hora"],"_links":{"self":[{"href":"https:\/\/diarioregionaldigital.com.br\/index.php?rest_route=\/wp\/v2\/posts\/161450","targetHints":{"allow":["GET"]}}],"collection":[{"href":"https:\/\/diarioregionaldigital.com.br\/index.php?rest_route=\/wp\/v2\/posts"}],"about":[{"href":"https:\/\/diarioregionaldigital.com.br\/index.php?rest_route=\/wp\/v2\/types\/post"}],"author":[{"embeddable":true,"href":"https:\/\/diarioregionaldigital.com.br\/index.php?rest_route=\/wp\/v2\/users\/96"}],"replies":[{"embeddable":true,"href":"https:\/\/diarioregionaldigital.com.br\/index.php?rest_route=%2Fwp%2Fv2%2Fcomments&post=161450"}],"version-history":[{"count":0,"href":"https:\/\/diarioregionaldigital.com.br\/index.php?rest_route=\/wp\/v2\/posts\/161450\/revisions"}],"wp:featuredmedia":[{"embeddable":true,"href":"https:\/\/diarioregionaldigital.com.br\/index.php?rest_route=\/wp\/v2\/media\/161451"}],"wp:attachment":[{"href":"https:\/\/diarioregionaldigital.com.br\/index.php?rest_route=%2Fwp%2Fv2%2Fmedia&parent=161450"}],"wp:term":[{"taxonomy":"category","embeddable":true,"href":"https:\/\/diarioregionaldigital.com.br\/index.php?rest_route=%2Fwp%2Fv2%2Fcategories&post=161450"},{"taxonomy":"post_tag","embeddable":true,"href":"https:\/\/diarioregionaldigital.com.br\/index.php?rest_route=%2Fwp%2Fv2%2Ftags&post=161450"}],"curies":[{"name":"wp","href":"https:\/\/api.w.org\/{rel}","templated":true}]}}