{"id":161443,"date":"2020-06-01T17:20:43","date_gmt":"2020-06-01T20:20:43","guid":{"rendered":"https:\/\/diarioregionaldigital.com.br\/?p=161443"},"modified":"2020-06-01T17:20:43","modified_gmt":"2020-06-01T20:20:43","slug":"jogador-fred-inicia-maratona-solidaria-em-trajeto-ate-o-rio-de-janeiro","status":"publish","type":"post","link":"https:\/\/diarioregionaldigital.com.br\/?p=161443","title":{"rendered":"Jogador Fred inicia maratona solid\u00e1ria em trajeto at\u00e9 o Rio de Janeiro"},"content":{"rendered":"<p><span style=\"font-weight: 400;\">Contratado pelo Fluminense ap\u00f3s quatro anos desde sua sa\u00edda das Laranjeiras, o jogador Fred iniciou nessa segunda-feira a maratona solid\u00e1ria que doar\u00e1 cestas b\u00e1sicas por cada quil\u00f4metro percorrido de bicicleta no trajeto de Belo Horizonte ao Rio de Janeiro. O percurso tem um total de 600 Km e a meta do centroavante \u00e9 chegar ao CT Carlos Castilho na Barra da Tijuca.\u00a0<\/span><\/p>\n<p><span style=\"font-weight: 400;\">O centroavante viajar\u00e1 pedalando ao lado de Jefferson Souza, seu preparador f\u00edsico particular, e vai acampar em barraca durante as noites do desafio. Haver\u00e1 ainda dois carros batedores com um mec\u00e2nico, um fisioterapeuta, um cinegrafista, e Francis Melo, empres\u00e1rio do jogador e idealizador do projeto. Eles levar\u00e3o m\u00e1scaras e \u00e1lcool em gel na bagagem, seguindo as recomenda\u00e7\u00f5es do Minist\u00e9rio da Sa\u00fade.<\/span><\/p>\n<p><span style=\"font-weight: 400;\">Para evitar aglomera\u00e7\u00f5es e tamb\u00e9m as rodovias, Fred e seus amigos far\u00e3o um percurso alternado, passando pela hist\u00f3rica Estrada Real (<\/span><span style=\"font-weight: 400;\">rotas de terra constru\u00eddas para atividade miner\u00e1ria na \u00e9poca do Brasil-Col\u00f4nia).<\/span><\/p>\n<p><span style=\"font-weight: 400;\">Al\u00e9m disso, todo o percurso ser\u00e1 registrado pelo jogador atrav\u00e9s de uma rede social e durante o trajeto ir\u00e1 acampar em determinados pontos nas estradas.\u00a0<\/span><\/p>\n","protected":false},"excerpt":{"rendered":"<p>Contratado pelo Fluminense ap\u00f3s quatro anos desde sua sa\u00edda das Laranjeiras, o jogador Fred iniciou nessa segunda-feira a maratona solid\u00e1ria que doar\u00e1 cestas b\u00e1sicas por cada quil\u00f4metro percorrido de bicicleta no trajeto de Belo Horizonte ao Rio de Janeiro. O percurso tem um total de 600 Km e a meta do centroavante \u00e9 chegar ao [&hellip;]<\/p>\n","protected":false},"author":96,"featured_media":161444,"comment_status":"closed","ping_status":"closed","sticky":false,"template":"","format":"standard","meta":{"footnotes":""},"categories":[436,257,439],"tags":[],"class_list":["post-161443","post","type-post","status-publish","format-standard","has-post-thumbnail","hentry","category-destaque-da-semana","category-esporte","category-ultima-hora"],"_links":{"self":[{"href":"https:\/\/diarioregionaldigital.com.br\/index.php?rest_route=\/wp\/v2\/posts\/161443","targetHints":{"allow":["GET"]}}],"collection":[{"href":"https:\/\/diarioregionaldigital.com.br\/index.php?rest_route=\/wp\/v2\/posts"}],"about":[{"href":"https:\/\/diarioregionaldigital.com.br\/index.php?rest_route=\/wp\/v2\/types\/post"}],"author":[{"embeddable":true,"href":"https:\/\/diarioregionaldigital.com.br\/index.php?rest_route=\/wp\/v2\/users\/96"}],"replies":[{"embeddable":true,"href":"https:\/\/diarioregionaldigital.com.br\/index.php?rest_route=%2Fwp%2Fv2%2Fcomments&post=161443"}],"version-history":[{"count":0,"href":"https:\/\/diarioregionaldigital.com.br\/index.php?rest_route=\/wp\/v2\/posts\/161443\/revisions"}],"wp:featuredmedia":[{"embeddable":true,"href":"https:\/\/diarioregionaldigital.com.br\/index.php?rest_route=\/wp\/v2\/media\/161444"}],"wp:attachment":[{"href":"https:\/\/diarioregionaldigital.com.br\/index.php?rest_route=%2Fwp%2Fv2%2Fmedia&parent=161443"}],"wp:term":[{"taxonomy":"category","embeddable":true,"href":"https:\/\/diarioregionaldigital.com.br\/index.php?rest_route=%2Fwp%2Fv2%2Fcategories&post=161443"},{"taxonomy":"post_tag","embeddable":true,"href":"https:\/\/diarioregionaldigital.com.br\/index.php?rest_route=%2Fwp%2Fv2%2Ftags&post=161443"}],"curies":[{"name":"wp","href":"https:\/\/api.w.org\/{rel}","templated":true}]}}