{"id":161440,"date":"2020-06-01T16:10:35","date_gmt":"2020-06-01T19:10:35","guid":{"rendered":"https:\/\/diarioregionaldigital.com.br\/?p=161440"},"modified":"2020-06-01T16:10:35","modified_gmt":"2020-06-01T19:10:35","slug":"prefeitura-do-rj-planeja-realizar-jogos-com-publico-reduzido","status":"publish","type":"post","link":"https:\/\/diarioregionaldigital.com.br\/?p=161440","title":{"rendered":"Prefeitura do RJ planeja realizar jogos com p\u00fablico reduzido"},"content":{"rendered":"<p><span style=\"font-weight: 400;\">A prefeitura do Rio de Janeiro, anunciou nessa segunda-feira (1), <\/span><span style=\"font-weight: 400;\">medidas de flexibiliza\u00e7\u00e3o do isolamento social que preveem<\/span><span style=\"font-weight: 400;\"> um planejamento para realiza\u00e7\u00e3o dos jogos do Campeonato Carioca com p\u00fablico reduzido nos est\u00e1dios. A ideia \u00e9 ter 1\/3 do p\u00fablico a partir do dia 1\u00ba de julho.\u00a0<\/span><\/p>\n<p><span style=\"font-weight: 400;\">No entanto, ser\u00e1 feita uma avalia\u00e7\u00e3o do plano feito pelo prefeito Marcelo Crivella, que depende da evolu\u00e7\u00e3o dos casos de Coronav\u00edrus pela capital carioca. Al\u00e9m disso, nesta ter\u00e7a-feira (2), todos os clubes estar\u00e3o permitidos a retomarem suas respectivas atividades nos Centros de Treinamento<\/span><\/p>\n<p><span style=\"font-weight: 400;\">O Campeonato Carioca est\u00e1 paralisado h\u00e1 dois meses e meio, desde a metade de mar\u00e7o. A \u00faltima partida realizada foi a vit\u00f3ria do Madureira por 2 a 1 sobre o Volta Redonda no dia 16 de mar\u00e7o, no Est\u00e1dio Conselheiro Galv\u00e3o.<\/span><\/p>\n","protected":false},"excerpt":{"rendered":"<p>A prefeitura do Rio de Janeiro, anunciou nessa segunda-feira (1), medidas de flexibiliza\u00e7\u00e3o do isolamento social que preveem um planejamento para realiza\u00e7\u00e3o dos jogos do Campeonato Carioca com p\u00fablico reduzido nos est\u00e1dios. A ideia \u00e9 ter 1\/3 do p\u00fablico a partir do dia 1\u00ba de julho.\u00a0 No entanto, ser\u00e1 feita uma avalia\u00e7\u00e3o do plano feito [&hellip;]<\/p>\n","protected":false},"author":96,"featured_media":161441,"comment_status":"closed","ping_status":"closed","sticky":false,"template":"","format":"standard","meta":{"footnotes":""},"categories":[436,257,439],"tags":[],"class_list":["post-161440","post","type-post","status-publish","format-standard","has-post-thumbnail","hentry","category-destaque-da-semana","category-esporte","category-ultima-hora"],"_links":{"self":[{"href":"https:\/\/diarioregionaldigital.com.br\/index.php?rest_route=\/wp\/v2\/posts\/161440","targetHints":{"allow":["GET"]}}],"collection":[{"href":"https:\/\/diarioregionaldigital.com.br\/index.php?rest_route=\/wp\/v2\/posts"}],"about":[{"href":"https:\/\/diarioregionaldigital.com.br\/index.php?rest_route=\/wp\/v2\/types\/post"}],"author":[{"embeddable":true,"href":"https:\/\/diarioregionaldigital.com.br\/index.php?rest_route=\/wp\/v2\/users\/96"}],"replies":[{"embeddable":true,"href":"https:\/\/diarioregionaldigital.com.br\/index.php?rest_route=%2Fwp%2Fv2%2Fcomments&post=161440"}],"version-history":[{"count":0,"href":"https:\/\/diarioregionaldigital.com.br\/index.php?rest_route=\/wp\/v2\/posts\/161440\/revisions"}],"wp:featuredmedia":[{"embeddable":true,"href":"https:\/\/diarioregionaldigital.com.br\/index.php?rest_route=\/wp\/v2\/media\/161441"}],"wp:attachment":[{"href":"https:\/\/diarioregionaldigital.com.br\/index.php?rest_route=%2Fwp%2Fv2%2Fmedia&parent=161440"}],"wp:term":[{"taxonomy":"category","embeddable":true,"href":"https:\/\/diarioregionaldigital.com.br\/index.php?rest_route=%2Fwp%2Fv2%2Fcategories&post=161440"},{"taxonomy":"post_tag","embeddable":true,"href":"https:\/\/diarioregionaldigital.com.br\/index.php?rest_route=%2Fwp%2Fv2%2Ftags&post=161440"}],"curies":[{"name":"wp","href":"https:\/\/api.w.org\/{rel}","templated":true}]}}