{"id":161437,"date":"2020-06-01T15:52:43","date_gmt":"2020-06-01T18:52:43","guid":{"rendered":"https:\/\/diarioregionaldigital.com.br\/?p=161437"},"modified":"2020-06-01T15:52:43","modified_gmt":"2020-06-01T18:52:43","slug":"pesquisadores-ligados-ao-esporte-analisam-o-cenario-esportivo-mundial-em-tempos-de-pandemia","status":"publish","type":"post","link":"https:\/\/diarioregionaldigital.com.br\/?p=161437","title":{"rendered":"Pesquisadores ligados ao esporte analisam o cen\u00e1rio esportivo mundial em tempos de pandemia"},"content":{"rendered":"<p><span style=\"font-weight: 400;\">A pandemia do novo coronav\u00edrus (Covid-19) obrigou a humanidade a parar. E no mundo do esporte de alto rendimento n\u00e3o foi diferente. Grandes eventos, como os Jogos Ol\u00edmpicos, a Copa Am\u00e9rica, a Eurocopa e campeonatos nacionais de futebol, tiveram de ser adiados ou cancelados enquanto se pensa em formas de realiz\u00e1-los com seguran\u00e7a.<\/span><\/p>\n<p><span style=\"font-weight: 400;\">Para tentar imaginar as mudan\u00e7as que a pr\u00e1tica esportiva de alto rendimento sofrer\u00e1 em um futuro pr\u00f3ximo, dois pesquisadores que tem o universo do esporte como seu objeto de estudo, o soci\u00f3logo e professor da Faculdade de Comunica\u00e7\u00e3o Social da Universidade do Rio de Janeiro (Uerj) Ronaldo Helal e o professor da Escola de Ci\u00eancias Sociais\/FGV-CPDOC Bernardo Buarque de Hollanda, tra\u00e7am seus cen\u00e1rios para o per\u00edodo p\u00f3s-pandemia.<\/span><\/p>\n<p><b>Sem torcida<\/b><\/p>\n<p><span style=\"font-weight: 400;\">Um dos elementos que mais chama a aten\u00e7\u00e3o nesta nova realidade do esporte de alto rendimento \u00e9 a aus\u00eancia de torcedores em pra\u00e7as esportivas. Segundo Ronaldo, diante de um v\u00edrus novo e com cont\u00e1gio muito r\u00e1pido, n\u00e3o d\u00e1 para ser diferente. No Campeonato Alem\u00e3o, por exemplo, esta mudan\u00e7a ficou bem evidente. &#8220;Jogos com port\u00f5es fechados, jogadores sem se abra\u00e7arem na comemora\u00e7\u00e3o dos gols e tamb\u00e9m fazendo testes regulares. Esta \u00e9 a mudan\u00e7a que \u00e9 poss\u00edvel no momento&#8221;, enumera.<\/span><\/p>\n<p><span style=\"font-weight: 400;\">Bernardo tamb\u00e9m aponta o Alem\u00e3o como o campeonato a ser observado, pois \u00e9 a primeira das principais competi\u00e7\u00f5es nacionais do Velho Continente a reiniciar ap\u00f3s a pandemia. Mas afirma que a realiza\u00e7\u00e3o das partidas sem a presen\u00e7a de torcidas n\u00e3o vai servir para todos os clubes, mas apenas para aqueles que est\u00e3o na &#8220;vitrine do futebol mundia, tendo exibi\u00e7\u00e3o e alcance planet\u00e1rio&#8221;. No entendimento do pesquisador, estes conseguem, minimamente, &#8220;contornar o atual momento&#8221; com as receitas provenientes de transmiss\u00f5es televisivas.<\/span><\/p>\n<p><span style=\"font-weight: 400;\">Ronaldo diz que a primeira mudan\u00e7a causada pela aus\u00eancia de torcedores nos est\u00e1dios \u00e9 percebida na performance dos atletas: &#8220;Voc\u00ea perde muito. Um espet\u00e1culo de massa, sem a massa. Mesmo transmitido pela televis\u00e3o. \u00c9 o mesmo que um teatro vazio. A tend\u00eancia dos atores \u00e9 n\u00e3o ter uma performance t\u00e3o motivada por adrenalina como tem com a presen\u00e7a do p\u00fablico. Isso pode acontecer tamb\u00e9m no caso do futebol, sem o incentivo da torcida. Mas \u00e9 o que se pode fazer no momento. N\u00e3o sabemos quanto tempo vai durar. Acho que o p\u00fablico n\u00e3o vai se sentir nem satisfeito, nem insatisfeito, mas acho que vai entender que isso \u00e9 o que \u00e9 poss\u00edvel fazer no momento&#8221;.<\/span><\/p>\n<p><span style=\"font-weight: 400;\">Por\u00e9m, em suas observa\u00e7\u00f5es Bernardo identifica grupos que n\u00e3o receberam bem esta nova forma de consumir o futebol. &#8220;\u00c9 interessante que, no caso da Europa, algumas torcidas organizadas est\u00e3o promovendo campanhas contra a volta dos campeonatos. Partem da ideia de que, se n\u00e3o vai ter torcida, \u00e9 melhor n\u00e3o ter futebol&#8221;.<\/span><\/p>\n<p><span style=\"font-weight: 400;\">Em meio a tantas incertezas, e pensando na realidade brasileira, o pesquisador da FGV afirma que &#8220;\u00e9 muito pouco prov\u00e1vel que aconte\u00e7a algum campeonato com a presen\u00e7a do p\u00fablico no Brasil em 2020&#8221;.<\/span><\/p>\n<p><b>\u00c0 dist\u00e2ncia<\/b><\/p>\n<p><span style=\"font-weight: 400;\">Para o esporte brasileiro, que ainda est\u00e1 pensando em formas de retorno aos treinos, imaginar formas alternativas de torcer ainda parece algo distante. Mas na Dinamarca esta j\u00e1 \u00e9 uma realidade. O campeonato nacional do pa\u00eds europeu optou por &#8220;levar&#8221; a torcida ao est\u00e1dio atrav\u00e9s de tel\u00f5es instalados nas arquibancadas nos quais os jogadores veem imagens dos torcedores transmitidas por aplicativos de teleconfer\u00eancia.<\/span><\/p>\n<p><span style=\"font-weight: 400;\">Para Bernardo, em um contexto de agravamento da pandemia, as novas tecnologias n\u00e3o devem se restringir ao ato de torcer, mas tamb\u00e9m podem ser usadas para permitir que atletas que estejam em locais diferentes possam competir entre si.<\/span><\/p>\n<p><span style=\"font-weight: 400;\">&#8220;Estamos em um ponto de inflex\u00e3o em que paradigmas s\u00e3o repensados. At\u00e9 que ponto podem ser criadas formas de cobrir performances esportivas nas quais as pessoas n\u00e3o estejam presentes? Isto pode ser especulado. Os atletas n\u00e3o estar\u00e3o no mesmo local presencialmente, mas voc\u00ea pode criar formas de competi\u00e7\u00e3o filmada. Soa absurdo e especulativo hoje, mas de fato ainda estamos em um momento nebuloso no qual n\u00e3o conseguimos discernir o que acontecer\u00e1 adiante&#8221;.<\/span><\/p>\n<p><b>Grandes eventos<\/b><\/p>\n<p><span style=\"font-weight: 400;\">Um dos paradigmas que pode vir a ser questionado caso a pandemia perdure por um per\u00edodo de tempo muito longo \u00e9 o da realiza\u00e7\u00e3o de grandes eventos esportivos no atual formato. &#8220;O formato tradicional de um encontro a cada quatro anos, que re\u00fane todos (os atletas) no mesmo local, com vila ol\u00edmpica, pode ter de ser refeito. Entendo que, assim como todas as \u00e1reas est\u00e3o se adaptando, pode ser que muitas coisas no \u00e2mbito do esporte que sejam consideradas imprescind\u00edveis, das quais n\u00e3o se abre m\u00e3o, sejam reinventadas&#8221;, diz o pesquisador da FGV.<\/span><\/p>\n<p><span style=\"font-weight: 400;\">Algo que os dois pesquisadores afirmam torcer para n\u00e3o mudar, quando se fala em grandes eventos esportivos, \u00e9 que eles continuem a ser entendidos como momentos de celebra\u00e7\u00e3o da humanidade. &#8220;Entendo a ideia dos Jogos como uma celebra\u00e7\u00e3o da humanidade ap\u00f3s a pandemia. Tomara que sejam vistos desta maneira mesmo. Porque h\u00e1 uma met\u00e1fora nos Jogos Ol\u00edmpicos de uma uni\u00e3o entre na\u00e7\u00f5es. O esporte proporciona um pouco isso. De as regras serem as mesmas para todos, que o melhor vence pelos seus m\u00e9ritos. Se superarmos esta pandemia, se j\u00e1 tivermos uma vacina, e espero que sim, espero que seja uma grande celebra\u00e7\u00e3o da humanidade, da vida ap\u00f3s a pandemia, de uni\u00e3o entre as na\u00e7\u00f5es e povos&#8221;, conclui Ronaldo.<\/span><\/p>\n<p>&nbsp;<\/p>\n<p><strong>Fonte:<\/strong> Assessoria<\/p>\n","protected":false},"excerpt":{"rendered":"<p>A pandemia do novo coronav\u00edrus (Covid-19) obrigou a humanidade a parar. E no mundo do esporte de alto rendimento n\u00e3o foi diferente. Grandes eventos, como os Jogos Ol\u00edmpicos, a Copa Am\u00e9rica, a Eurocopa e campeonatos nacionais de futebol, tiveram de ser adiados ou cancelados enquanto se pensa em formas de realiz\u00e1-los com seguran\u00e7a. Para tentar [&hellip;]<\/p>\n","protected":false},"author":96,"featured_media":161438,"comment_status":"closed","ping_status":"closed","sticky":false,"template":"","format":"standard","meta":{"footnotes":""},"categories":[436,257,439],"tags":[],"class_list":["post-161437","post","type-post","status-publish","format-standard","has-post-thumbnail","hentry","category-destaque-da-semana","category-esporte","category-ultima-hora"],"_links":{"self":[{"href":"https:\/\/diarioregionaldigital.com.br\/index.php?rest_route=\/wp\/v2\/posts\/161437","targetHints":{"allow":["GET"]}}],"collection":[{"href":"https:\/\/diarioregionaldigital.com.br\/index.php?rest_route=\/wp\/v2\/posts"}],"about":[{"href":"https:\/\/diarioregionaldigital.com.br\/index.php?rest_route=\/wp\/v2\/types\/post"}],"author":[{"embeddable":true,"href":"https:\/\/diarioregionaldigital.com.br\/index.php?rest_route=\/wp\/v2\/users\/96"}],"replies":[{"embeddable":true,"href":"https:\/\/diarioregionaldigital.com.br\/index.php?rest_route=%2Fwp%2Fv2%2Fcomments&post=161437"}],"version-history":[{"count":0,"href":"https:\/\/diarioregionaldigital.com.br\/index.php?rest_route=\/wp\/v2\/posts\/161437\/revisions"}],"wp:featuredmedia":[{"embeddable":true,"href":"https:\/\/diarioregionaldigital.com.br\/index.php?rest_route=\/wp\/v2\/media\/161438"}],"wp:attachment":[{"href":"https:\/\/diarioregionaldigital.com.br\/index.php?rest_route=%2Fwp%2Fv2%2Fmedia&parent=161437"}],"wp:term":[{"taxonomy":"category","embeddable":true,"href":"https:\/\/diarioregionaldigital.com.br\/index.php?rest_route=%2Fwp%2Fv2%2Fcategories&post=161437"},{"taxonomy":"post_tag","embeddable":true,"href":"https:\/\/diarioregionaldigital.com.br\/index.php?rest_route=%2Fwp%2Fv2%2Ftags&post=161437"}],"curies":[{"name":"wp","href":"https:\/\/api.w.org\/{rel}","templated":true}]}}