{"id":161434,"date":"2020-06-01T15:44:30","date_gmt":"2020-06-01T18:44:30","guid":{"rendered":"https:\/\/diarioregionaldigital.com.br\/?p=161434"},"modified":"2020-06-01T15:44:30","modified_gmt":"2020-06-01T18:44:30","slug":"campanha-de-vacinacao-contra-a-gripe-e-prorrogada-para-o-dia-30","status":"publish","type":"post","link":"https:\/\/diarioregionaldigital.com.br\/?p=161434","title":{"rendered":"Campanha de vacina\u00e7\u00e3o contra a gripe \u00e9 prorrogada para o dia 30"},"content":{"rendered":"<p><span style=\"font-weight: 400;\">O Minist\u00e9rio da Sa\u00fade anunciou a prorroga\u00e7\u00e3o da Campanha Nacional de Vacina\u00e7\u00e3o contra a Gripe para o dia 30 deste m\u00eas, em todo o territ\u00f3rio brasileiro. Segundo a entidade, a decis\u00e3o de prorrogar o per\u00edodo da campanha se deve pelo baixo \u00edndice de vacina\u00e7\u00e3o dos grupos priorit\u00e1rios.\u00a0<\/span><\/p>\n<p><span style=\"font-weight: 400;\">A meta \u00e9 vacinar 90% dos grupos priorit\u00e1rios, por\u00e9m, at\u00e9 o momento, foram vacinadas apenas 25,7% de 36,1 milh\u00f5es de pessoas estimadas nesta terceira fase. Desde o in\u00edcio da a\u00e7\u00e3o nacional, em 23 de mar\u00e7o, 50 milh\u00f5es de pessoas foram vacinadas, faltando ainda 28,3 milh\u00f5es que ainda n\u00e3o receberam a vacina.<\/span><\/p>\n<p><span style=\"font-weight: 400;\">A terceira e \u00faltima fase foi dividida em duas etapas: a primeira ocorreu no per\u00edodo de 11 a 17 de maio, com foco nas pessoas com defici\u00eancia; crian\u00e7as de seis meses a menores de seis anos; gestantes; e m\u00e3es no p\u00f3s-parto (at\u00e9 45 dias). Nesta segunda etapa, que agora segue at\u00e9 o dia 30 de junho, est\u00e3o os professores das escolas p\u00fablicas e privadas, que devem apresentar o crach\u00e1 funcional para comprovar o v\u00ednculo com alguma institui\u00e7\u00e3o; e os adultos de 55 a 59 anos de idade.<\/span><\/p>\n<p><span style=\"font-weight: 400;\">O secret\u00e1rio substituto de Vigil\u00e2ncia em Sa\u00fade do Minist\u00e9rio da Sa\u00fade, Eduardo Mac\u00e1rio, diz que \u00e9 importante que a popula\u00e7\u00e3o brasileira procure os postos de sa\u00fade, para receber a dose da vacina e tamb\u00e9m para reduzir as complica\u00e7\u00f5es da doen\u00e7a:<\/span><\/p>\n<p><span style=\"font-weight: 400;\">\u201cEstamos com uma campanha em andamento e \u00e9 fundamental que as pessoas que fazem parte dos grupos de risco, que ainda n\u00e3o se vacinaram, procurem os postos de sa\u00fade. Por conta do baixo alcance da meta nesses grupos priorit\u00e1rios, n\u00f3s, em acordo com os estados e munic\u00edpios, estamos prorrogando a campanha, de 5 para 30 de junho. \u00c9 mais uma oportunidade para que os p\u00fablicos de todas as fases, que ainda n\u00e3o se vacinaram, possam procurar de forma organizada as unidades de sa\u00fade\u201d.<\/span><\/p>\n","protected":false},"excerpt":{"rendered":"<p>O Minist\u00e9rio da Sa\u00fade anunciou a prorroga\u00e7\u00e3o da Campanha Nacional de Vacina\u00e7\u00e3o contra a Gripe para o dia 30 deste m\u00eas, em todo o territ\u00f3rio brasileiro. Segundo a entidade, a decis\u00e3o de prorrogar o per\u00edodo da campanha se deve pelo baixo \u00edndice de vacina\u00e7\u00e3o dos grupos priorit\u00e1rios.\u00a0 A meta \u00e9 vacinar 90% dos grupos priorit\u00e1rios, [&hellip;]<\/p>\n","protected":false},"author":96,"featured_media":161435,"comment_status":"closed","ping_status":"closed","sticky":false,"template":"","format":"standard","meta":{"footnotes":""},"categories":[253,436,439],"tags":[],"class_list":["post-161434","post","type-post","status-publish","format-standard","has-post-thumbnail","hentry","category-cidade","category-destaque-da-semana","category-ultima-hora"],"_links":{"self":[{"href":"https:\/\/diarioregionaldigital.com.br\/index.php?rest_route=\/wp\/v2\/posts\/161434","targetHints":{"allow":["GET"]}}],"collection":[{"href":"https:\/\/diarioregionaldigital.com.br\/index.php?rest_route=\/wp\/v2\/posts"}],"about":[{"href":"https:\/\/diarioregionaldigital.com.br\/index.php?rest_route=\/wp\/v2\/types\/post"}],"author":[{"embeddable":true,"href":"https:\/\/diarioregionaldigital.com.br\/index.php?rest_route=\/wp\/v2\/users\/96"}],"replies":[{"embeddable":true,"href":"https:\/\/diarioregionaldigital.com.br\/index.php?rest_route=%2Fwp%2Fv2%2Fcomments&post=161434"}],"version-history":[{"count":0,"href":"https:\/\/diarioregionaldigital.com.br\/index.php?rest_route=\/wp\/v2\/posts\/161434\/revisions"}],"wp:featuredmedia":[{"embeddable":true,"href":"https:\/\/diarioregionaldigital.com.br\/index.php?rest_route=\/wp\/v2\/media\/161435"}],"wp:attachment":[{"href":"https:\/\/diarioregionaldigital.com.br\/index.php?rest_route=%2Fwp%2Fv2%2Fmedia&parent=161434"}],"wp:term":[{"taxonomy":"category","embeddable":true,"href":"https:\/\/diarioregionaldigital.com.br\/index.php?rest_route=%2Fwp%2Fv2%2Fcategories&post=161434"},{"taxonomy":"post_tag","embeddable":true,"href":"https:\/\/diarioregionaldigital.com.br\/index.php?rest_route=%2Fwp%2Fv2%2Ftags&post=161434"}],"curies":[{"name":"wp","href":"https:\/\/api.w.org\/{rel}","templated":true}]}}