{"id":161429,"date":"2020-06-01T14:58:20","date_gmt":"2020-06-01T17:58:20","guid":{"rendered":"https:\/\/diarioregionaldigital.com.br\/?p=161429"},"modified":"2020-06-01T14:58:20","modified_gmt":"2020-06-01T17:58:20","slug":"despachantes-de-veiculos-trazem-a-camara-denuncia-de-superfaturamento-nas-placas-em-juiz-de-fora","status":"publish","type":"post","link":"https:\/\/diarioregionaldigital.com.br\/?p=161429","title":{"rendered":"Despachantes de ve\u00edculos trazem \u00e0 C\u00e2mara den\u00fancia de superfaturamento nas placas em Juiz de Fora"},"content":{"rendered":"<p><span style=\"font-weight: 400;\">Na manh\u00e3 dessa segunda-feira (1\u00ba), a C\u00e2mara recebeu representantes da categoria dos despachantes de ve\u00edculos para uma Reuni\u00e3o com os vereadores sobre uma den\u00fancia de superfaturamento nas empresas que fabricam as placas para os ve\u00edculos que s\u00e3o registrados em Juiz de Fora. Atualmente s\u00e3o 12 empresas licenciadas pelo Departamento de Tr\u00e2nsito de Minas Gerais (DETRAN) para atuar na cidade, e notas fiscais registram que os pre\u00e7os oscilam entre R$ 100,00 e 350,00 em poucos dias. O despachante atua na rela\u00e7\u00e3o de consumo entre o dono do ve\u00edculo, a empresa que produz a placa e os procedimentos burocr\u00e1ticos do DETRAN. Estiveram presentes na Reuni\u00e3o o presidente da C\u00e2mara, Luiz Ot\u00e1vio Coelho &#8211; Pardal (PSL), Juraci Scheffer (PT), Vagner de Oliveira (PSC) e Z\u00e9 M\u00e1rcio &#8211; Garotinho (PV).\u00a0<\/span><\/p>\n<p><span style=\"font-weight: 400;\">Intermediando o servi\u00e7o de emplacamento em Juiz de Fora trabalham 145 despachantes credenciados, que na Reuni\u00e3o foram representados por seis profissionais da categoria. De acordo com um dos presentes, Paulo Roberto, em Belo Horizonte um emplacamento custa ao consumidor R$ 100 reais sendo que, pelo seu conhecimento de mercado, ele tem informa\u00e7\u00f5es de que\u00a0 &#8220;o custo de uma placa gira em torno de R$ 72,00. Eles colocam aqui por R$ 300 reais ou R$ 350 chegando at\u00e9 a R$ 370 reais&#8221;, destacou. Eles informaram aos vereadores que apenas metade das f\u00e1bricas funciona de fato, reduzindo mais ainda a concorr\u00eancia. Al\u00e9m disso, h\u00e1 ind\u00edcios de um cartel em forma\u00e7\u00e3o na cidade e que nesses patamares o motorista precisa desembolsar quase R$ 700 reais para legalizar seu ve\u00edculo. &#8220;Eu me sinto envergonhado de passar para meu cliente uma placa de R$ 350 reais&#8221; desabafou o despachante Ederson Nascimento &#8211; Tim\u00e3o, atuante no bairro Santa Terezinha.<\/span><\/p>\n<p><span style=\"font-weight: 400;\">O vereador Vagner de Oliveira, que recebeu inicialmente a den\u00fancia dos profissionais, informou que a Reuni\u00e3o teve o objetivo de esclarecer alguns pontos e \u201cagora vamos encaminhar um requerimento pedindo ao Procon uma fiscaliza\u00e7\u00e3o junto a essas f\u00e1bricas, e tamb\u00e9m encaminhar dados aos deputados estaduais para que possam ajudar a fiscalizar a n\u00edvel estadual esse alto custo da placa.\u201d O\u00a0 presidente da Casa, vereador Luiz Ot\u00e1vio Coelho &#8211; Pardal, lembrou que a C\u00e2mara est\u00e1 aberta para receber as demandas e buscar solu\u00e7\u00f5es. &#8220;Aqui \u00e9 a Casa do povo e precisamos estar atentos a tudo e, com o que for de nossa oportunidade, estar contribuindo\u201d, pontuou.\u00a0<\/span><\/p>\n<p><span style=\"font-weight: 400;\">O presidente da Comiss\u00e3o de Abastecimento, Ind\u00fastria, Com\u00e9rcio, Agropecu\u00e1ria e Defesa do Consumidor, vereador Juraci Scheffer (PT), informou que em um primeiro momento ser\u00e1 oficiado o Procon e no pr\u00f3ximo per\u00edodo legislativo ser\u00e1 enviada uma Representa\u00e7\u00e3o \u00e0 Delegacia de Tr\u00e2nsito em Juiz de Fora e ao Minist\u00e9rio P\u00fablico. &#8220;N\u00f3s n\u00e3o podemos ter uma altera\u00e7\u00e3o de pre\u00e7o de 100 para 300 [Reais], n\u00f3s vivemos em uma crise econ\u00f4mica, uma crise sanit\u00e1ria, h\u00e1 de haver solidariedade, respeito ao consumidor, n\u00e3o podemos de forma nenhuma aceitar esse abuso&#8221;. J\u00e1 o vereador Z\u00e9 M\u00e1rcio &#8211; Garotinho disse ser importante que os \u00f3rg\u00e3os competentes intervenham. &#8220;Entendo que o Procon pode agir, pode atuar porque est\u00e3o claros e n\u00edtidos essa carteliza\u00e7\u00e3o e esse lucro abusivo&#8221;, destacou.<\/span><\/p>\n<p><span style=\"font-weight: 400;\">Representando o Procon em Juiz de Fora, Oscar Furtado salientou que depois da investiga\u00e7\u00e3o preliminar \u00e9 feita a fiscaliza\u00e7\u00e3o junto ao Minist\u00e9rio P\u00fablico, que \u00e9 a institui\u00e7\u00e3o que tem o poder de oferecer ao Judici\u00e1rio uma den\u00fancia para apurar eventuais crimes e irregularidades nas rela\u00e7\u00f5es de consumo. &#8220;Vamos fazer essa fiscaliza\u00e7\u00e3o junto com o Minist\u00e9rio P\u00fablico, como sempre \u00e9 feito, e vamos procurar aprofundar no aspecto de quem outorga essa licen\u00e7a para essas f\u00e1bricas fazerem as placas, quais s\u00e3o os propriet\u00e1rios, quem tem o poder de fiscalizar esses fabricantes. Porque se existem v\u00e1rios fabricantes e funcionam na realidade a metade, ent\u00e3o esses outros que n\u00e3o est\u00e3o funcionando tomam na verdade a vaga de quem quer trabalhar\u201d, finalizou.<\/span><\/p>\n<p>&nbsp;<\/p>\n<p><strong>Fonte:<\/strong> Assessoria<\/p>\n","protected":false},"excerpt":{"rendered":"<p>Na manh\u00e3 dessa segunda-feira (1\u00ba), a C\u00e2mara recebeu representantes da categoria dos despachantes de ve\u00edculos para uma Reuni\u00e3o com os vereadores sobre uma den\u00fancia de superfaturamento nas empresas que fabricam as placas para os ve\u00edculos que s\u00e3o registrados em Juiz de Fora. Atualmente s\u00e3o 12 empresas licenciadas pelo Departamento de Tr\u00e2nsito de Minas Gerais (DETRAN) [&hellip;]<\/p>\n","protected":false},"author":96,"featured_media":161430,"comment_status":"closed","ping_status":"closed","sticky":false,"template":"","format":"standard","meta":{"footnotes":""},"categories":[253,436,439],"tags":[],"class_list":["post-161429","post","type-post","status-publish","format-standard","has-post-thumbnail","hentry","category-cidade","category-destaque-da-semana","category-ultima-hora"],"_links":{"self":[{"href":"https:\/\/diarioregionaldigital.com.br\/index.php?rest_route=\/wp\/v2\/posts\/161429","targetHints":{"allow":["GET"]}}],"collection":[{"href":"https:\/\/diarioregionaldigital.com.br\/index.php?rest_route=\/wp\/v2\/posts"}],"about":[{"href":"https:\/\/diarioregionaldigital.com.br\/index.php?rest_route=\/wp\/v2\/types\/post"}],"author":[{"embeddable":true,"href":"https:\/\/diarioregionaldigital.com.br\/index.php?rest_route=\/wp\/v2\/users\/96"}],"replies":[{"embeddable":true,"href":"https:\/\/diarioregionaldigital.com.br\/index.php?rest_route=%2Fwp%2Fv2%2Fcomments&post=161429"}],"version-history":[{"count":0,"href":"https:\/\/diarioregionaldigital.com.br\/index.php?rest_route=\/wp\/v2\/posts\/161429\/revisions"}],"wp:featuredmedia":[{"embeddable":true,"href":"https:\/\/diarioregionaldigital.com.br\/index.php?rest_route=\/wp\/v2\/media\/161430"}],"wp:attachment":[{"href":"https:\/\/diarioregionaldigital.com.br\/index.php?rest_route=%2Fwp%2Fv2%2Fmedia&parent=161429"}],"wp:term":[{"taxonomy":"category","embeddable":true,"href":"https:\/\/diarioregionaldigital.com.br\/index.php?rest_route=%2Fwp%2Fv2%2Fcategories&post=161429"},{"taxonomy":"post_tag","embeddable":true,"href":"https:\/\/diarioregionaldigital.com.br\/index.php?rest_route=%2Fwp%2Fv2%2Ftags&post=161429"}],"curies":[{"name":"wp","href":"https:\/\/api.w.org\/{rel}","templated":true}]}}