{"id":161426,"date":"2020-06-01T14:52:43","date_gmt":"2020-06-01T17:52:43","guid":{"rendered":"https:\/\/diarioregionaldigital.com.br\/?p=161426"},"modified":"2020-06-01T17:56:58","modified_gmt":"2020-06-01T20:56:58","slug":"juiz-de-fora-encerra-mes-de-maio-com-mais-de-600-casos-confirmados-de-covid-19","status":"publish","type":"post","link":"https:\/\/diarioregionaldigital.com.br\/?p=161426","title":{"rendered":"Juiz de Fora encerra m\u00eas de maio com mais de 600 casos confirmados de Covid-19"},"content":{"rendered":"<p><span style=\"font-weight: 400;\">O levantamento referente \u00e0 epidemia do Coronav\u00edrus, feito pela Secretaria de Sa\u00fade (SS) da Prefeitura de Juiz de Fora (PJF), aponta que o munic\u00edpio encerrou o m\u00eas de maio com um total de 615 casos confirmados da doen\u00e7a. No per\u00edodo do dia 1\u00ba ao dia 9, o munic\u00edpio tinha registrado 328 casos confirmados, 2883 suspeitos e 17 mortes confirmadas. Os dados s\u00e3o acumulados desde o primeiro boletim epidemiol\u00f3gico feito pela PJF no final do m\u00eas de mar\u00e7o.\u00a0<\/span><\/p>\n<p><span style=\"font-weight: 400;\">Na semana do dia 10 a 16, os casos confirmados aumentaram para 427. J\u00e1 o n\u00famero de pacientes suspeitos de terem a doen\u00e7a registrou 3495 e o n\u00famero de mortes subiu para 25.<\/span><\/p>\n<p><span style=\"font-weight: 400;\">J\u00e1 na semana do dia 17 a 23, a PJF registrou 553 pacientes diagnosticados com Coronav\u00edrus, 4026 suspeitos e 27 mortes. E no \u00faltimo per\u00edodo do m\u00eas, entre os dias 24 e 31, o \u00faltimo boletim epidemiol\u00f3gico registrou 615 casos confirmados, 4596 suspeitos e 32 mortes, como citados anteriormente.<\/span><\/p>\n<p><b>Leitos de enfermaria e UTI<\/b><\/p>\n<p><span style=\"font-weight: 400;\">At\u00e9 esse domingo, a PJF informou que h\u00e1 1.437 leitos de enfermaria dispon\u00edveis, sendo que 52 s\u00e3o de pacientes diagnosticados com Covid-19.\u00a0<\/span><\/p>\n<p><span style=\"font-weight: 400;\">Quanto aos leitos de UTI, o portal da PJF informa que h\u00e1 238 unidades existentes no munic\u00edpio, sendo que 55 eram ocupados por pacientes com a doen\u00e7a.<\/span><\/p>\n<p><b>Isolamento social<\/b><\/p>\n<p><span style=\"font-weight: 400;\">Quanto \u00e0 quest\u00e3o do isolamento social, a PJF informa que o munic\u00edpio registra uma taxa m\u00e9dia de 50,82%. <\/span><\/p>\n","protected":false},"excerpt":{"rendered":"<p>O levantamento referente \u00e0 epidemia do Coronav\u00edrus, feito pela Secretaria de Sa\u00fade (SS) da Prefeitura de Juiz de Fora (PJF), aponta que o munic\u00edpio encerrou o m\u00eas de maio com um total de 615 casos confirmados da doen\u00e7a. No per\u00edodo do dia 1\u00ba ao dia 9, o munic\u00edpio tinha registrado 328 casos confirmados, 2883 suspeitos [&hellip;]<\/p>\n","protected":false},"author":96,"featured_media":161427,"comment_status":"closed","ping_status":"closed","sticky":false,"template":"","format":"standard","meta":{"footnotes":""},"categories":[253,436,440,439],"tags":[],"class_list":["post-161426","post","type-post","status-publish","format-standard","has-post-thumbnail","hentry","category-cidade","category-destaque-da-semana","category-destaques-do-dia","category-ultima-hora"],"_links":{"self":[{"href":"https:\/\/diarioregionaldigital.com.br\/index.php?rest_route=\/wp\/v2\/posts\/161426","targetHints":{"allow":["GET"]}}],"collection":[{"href":"https:\/\/diarioregionaldigital.com.br\/index.php?rest_route=\/wp\/v2\/posts"}],"about":[{"href":"https:\/\/diarioregionaldigital.com.br\/index.php?rest_route=\/wp\/v2\/types\/post"}],"author":[{"embeddable":true,"href":"https:\/\/diarioregionaldigital.com.br\/index.php?rest_route=\/wp\/v2\/users\/96"}],"replies":[{"embeddable":true,"href":"https:\/\/diarioregionaldigital.com.br\/index.php?rest_route=%2Fwp%2Fv2%2Fcomments&post=161426"}],"version-history":[{"count":0,"href":"https:\/\/diarioregionaldigital.com.br\/index.php?rest_route=\/wp\/v2\/posts\/161426\/revisions"}],"wp:featuredmedia":[{"embeddable":true,"href":"https:\/\/diarioregionaldigital.com.br\/index.php?rest_route=\/wp\/v2\/media\/161427"}],"wp:attachment":[{"href":"https:\/\/diarioregionaldigital.com.br\/index.php?rest_route=%2Fwp%2Fv2%2Fmedia&parent=161426"}],"wp:term":[{"taxonomy":"category","embeddable":true,"href":"https:\/\/diarioregionaldigital.com.br\/index.php?rest_route=%2Fwp%2Fv2%2Fcategories&post=161426"},{"taxonomy":"post_tag","embeddable":true,"href":"https:\/\/diarioregionaldigital.com.br\/index.php?rest_route=%2Fwp%2Fv2%2Ftags&post=161426"}],"curies":[{"name":"wp","href":"https:\/\/api.w.org\/{rel}","templated":true}]}}