{"id":161423,"date":"2020-06-01T14:05:00","date_gmt":"2020-06-01T17:05:00","guid":{"rendered":"https:\/\/diarioregionaldigital.com.br\/?p=161423"},"modified":"2020-06-01T14:05:00","modified_gmt":"2020-06-01T17:05:00","slug":"mercado-financeiro-preve-queda-de-625-na-economia-este-ano-diz-bc","status":"publish","type":"post","link":"https:\/\/diarioregionaldigital.com.br\/?p=161423","title":{"rendered":"Mercado financeiro prev\u00ea queda de 6,25% na economia este ano, diz BC"},"content":{"rendered":"<p><span style=\"font-weight: 400;\">A previs\u00e3o do mercado financeiro para a queda da economia brasileira este ano chegou a 6,25%. Essa foi a 16\u00aa revis\u00e3o seguida para a estimativa de recuo do Produto Interno Bruto (PIB) \u2013 a soma de todos os bens e servi\u00e7os produzidos no pa\u00eds. Na semana passada, a previs\u00e3o de queda estava em 5,89%. A estimativa consta do boletim Focus, publica\u00e7\u00e3o divulgada todas as semanas pelo Banco Central (BC), com a proje\u00e7\u00e3o para os principais indicadores econ\u00f4micos.<\/span><\/p>\n<p><span style=\"font-weight: 400;\">Para o pr\u00f3ximo ano, a expectativa \u00e9 de crescimento de 3,50%, a mesma previs\u00e3o da semana passada. Em 2022 e 2023, o mercado financeiro continua a projetar expans\u00e3o de 2,50% do PIB.<\/span><\/p>\n<p><b>D\u00f3lar<\/b><\/p>\n<p><span style=\"font-weight: 400;\">A previs\u00e3o para a cota\u00e7\u00e3o do d\u00f3lar permanece em R$ 5,40. Para 2021, a expectativa \u00e9 que a moeda americana fique em R$ 5,08, contra R$ 5,03 da semana passada.<\/span><\/p>\n<p><b>Infla\u00e7\u00e3o<\/b><\/p>\n<p><span style=\"font-weight: 400;\">As institui\u00e7\u00f5es financeiras consultadas pelo BC continuam a reduzir a previs\u00e3o de infla\u00e7\u00e3o de 2020. A proje\u00e7\u00e3o para o \u00cdndice Nacional de Pre\u00e7os ao Consumidor Amplo (IPCA) caiu pela 12\u00aa vez seguida, ao passar de 1,57% para 1,55%. Para 2021, a estimativa de infla\u00e7\u00e3o tamb\u00e9m foi reduzida, de 3,14% para 3,10%. A previs\u00e3o para os anos seguintes &#8211; 2022 e 2023 &#8211; n\u00e3o teve altera\u00e7\u00f5es: 3,50%.<\/span><\/p>\n<p><span style=\"font-weight: 400;\">A proje\u00e7\u00e3o para 2020 est\u00e1 abaixo da meta de infla\u00e7\u00e3o que deve ser perseguida pelo BC. A meta, definida pelo Conselho Monet\u00e1rio Nacional, \u00e9 de 4% em 2020, com intervalo de toler\u00e2ncia de 1,5 ponto percentual para cima ou para baixo. Ou seja, o limite inferior \u00e9 2,5% e o superior, 5,5%.<\/span><\/p>\n<p><span style=\"font-weight: 400;\">Para 2021, a meta \u00e9 3,75% e para 2022, 3,50%, tamb\u00e9m com intervalo de 1,5 ponto percentual em cada ano.<\/span><\/p>\n<p><b>Selic<\/b><\/p>\n<p><span style=\"font-weight: 400;\">Para alcan\u00e7ar a meta de infla\u00e7\u00e3o, o Banco Central usa como principal instrumento a taxa b\u00e1sica de juros, a Selic, estabelecida atualmente em 3% ao ano pelo Comit\u00ea de Pol\u00edtica Monet\u00e1ria (Copom).<\/span><\/p>\n<p><span style=\"font-weight: 400;\">Para o mercado financeiro, a expectativa \u00e9 que a Selic encerre 2020 em 2,25% ao ano, a mesma previs\u00e3o da semana passada. A expectativa do mercado financeiro \u00e9 que a taxa caia para esse patamar (2,25% ao ano) na reuni\u00e3o do Copom deste m\u00eas, marcada para os dias 16 e 17 e nas reuni\u00f5es seguintes ao longo deste ano seja mantida pelo comit\u00ea.<\/span><\/p>\n<p><span style=\"font-weight: 400;\">Para o fim de 2021, a expectativa \u00e9 que a taxa b\u00e1sica chegue a 3,38% ao ano. A previs\u00e3o da semana passada era 3,29%. Para o fim de 2022 e de 2023, as institui\u00e7\u00f5es financeiras mantiveram as previs\u00f5es anteriores para a taxa anual: 5,13% e 6%, respectivamente.<\/span><\/p>\n<p><span style=\"font-weight: 400;\">Quando o Copom reduz a Selic, a tend\u00eancia \u00e9 que o cr\u00e9dito fique mais barato, com incentivo \u00e0 produ\u00e7\u00e3o e ao consumo, reduzindo o controle da infla\u00e7\u00e3o e estimulando a atividade econ\u00f4mica. Quando o Copom aumenta a taxa b\u00e1sica de juros, o objetivo \u00e9 conter a demanda aquecida, e isso causa reflexos nos pre\u00e7os porque os juros mais altos encarecem o cr\u00e9dito e estimulam a poupan\u00e7a.<\/span><\/p>\n<p>&nbsp;<\/p>\n<p><strong>Fonte:<\/strong> Ag\u00eancia Brasil<\/p>\n<p>&nbsp;<\/p>\n","protected":false},"excerpt":{"rendered":"<p>A previs\u00e3o do mercado financeiro para a queda da economia brasileira este ano chegou a 6,25%. Essa foi a 16\u00aa revis\u00e3o seguida para a estimativa de recuo do Produto Interno Bruto (PIB) \u2013 a soma de todos os bens e servi\u00e7os produzidos no pa\u00eds. Na semana passada, a previs\u00e3o de queda estava em 5,89%. A [&hellip;]<\/p>\n","protected":false},"author":96,"featured_media":161424,"comment_status":"closed","ping_status":"closed","sticky":false,"template":"","format":"standard","meta":{"footnotes":""},"categories":[436,261,439],"tags":[],"class_list":["post-161423","post","type-post","status-publish","format-standard","has-post-thumbnail","hentry","category-destaque-da-semana","category-economia","category-ultima-hora"],"_links":{"self":[{"href":"https:\/\/diarioregionaldigital.com.br\/index.php?rest_route=\/wp\/v2\/posts\/161423","targetHints":{"allow":["GET"]}}],"collection":[{"href":"https:\/\/diarioregionaldigital.com.br\/index.php?rest_route=\/wp\/v2\/posts"}],"about":[{"href":"https:\/\/diarioregionaldigital.com.br\/index.php?rest_route=\/wp\/v2\/types\/post"}],"author":[{"embeddable":true,"href":"https:\/\/diarioregionaldigital.com.br\/index.php?rest_route=\/wp\/v2\/users\/96"}],"replies":[{"embeddable":true,"href":"https:\/\/diarioregionaldigital.com.br\/index.php?rest_route=%2Fwp%2Fv2%2Fcomments&post=161423"}],"version-history":[{"count":0,"href":"https:\/\/diarioregionaldigital.com.br\/index.php?rest_route=\/wp\/v2\/posts\/161423\/revisions"}],"wp:featuredmedia":[{"embeddable":true,"href":"https:\/\/diarioregionaldigital.com.br\/index.php?rest_route=\/wp\/v2\/media\/161424"}],"wp:attachment":[{"href":"https:\/\/diarioregionaldigital.com.br\/index.php?rest_route=%2Fwp%2Fv2%2Fmedia&parent=161423"}],"wp:term":[{"taxonomy":"category","embeddable":true,"href":"https:\/\/diarioregionaldigital.com.br\/index.php?rest_route=%2Fwp%2Fv2%2Fcategories&post=161423"},{"taxonomy":"post_tag","embeddable":true,"href":"https:\/\/diarioregionaldigital.com.br\/index.php?rest_route=%2Fwp%2Fv2%2Ftags&post=161423"}],"curies":[{"name":"wp","href":"https:\/\/api.w.org\/{rel}","templated":true}]}}