{"id":161420,"date":"2020-06-01T14:00:28","date_gmt":"2020-06-01T17:00:28","guid":{"rendered":"https:\/\/diarioregionaldigital.com.br\/?p=161420"},"modified":"2020-06-01T14:00:28","modified_gmt":"2020-06-01T17:00:28","slug":"credito-emergencial-para-folha-de-pagamento-sera-ajustado-diz-bc","status":"publish","type":"post","link":"https:\/\/diarioregionaldigital.com.br\/?p=161420","title":{"rendered":"Cr\u00e9dito emergencial para folha de pagamento ser\u00e1 ajustado, diz BC"},"content":{"rendered":"<p><span style=\"font-weight: 400;\">Com a baixa libera\u00e7\u00e3o do cr\u00e9dito emergencial para pequenas e m\u00e9dias empresas manterem empregos, deve haver mudan\u00e7as no programa anunciado em mar\u00e7o. Em audi\u00eancia p\u00fablica virtual nessa segunda-feira (1\u00ba) do Congresso Nacional, o presidente do Banco Central (BC), Roberto Campos Neto, disse que dos R$ 40 bilh\u00f5es previstos, s\u00f3 foram liberados R$ 1,9 bilh\u00e3o.<\/span><\/p>\n<p><span style=\"font-weight: 400;\">Foram 1,3 milh\u00e3o de empregados beneficiados de mais de 79 mil empresas financiadas, at\u00e9 o \u00faltimo dia 26.<\/span><\/p>\n<p><span style=\"font-weight: 400;\">\u201cHavia um potencial de R$ 40 bilh\u00f5es, e at\u00e9 agora h\u00e1 cerca de R$ 2 bilh\u00f5es. Esse programa teve um volume de desembolso pior do que o esperado\u201d, disse, afirmando que ajustes no programa v\u00e3o acelerar os desembolsos.<\/span><\/p>\n<p><span style=\"font-weight: 400;\">A medida beneficia empresas que faturam de R$ 360 mil a R$ 10 milh\u00f5es por ano. A empresa recebe o financiamento para manter a folha de pagamento, com valor limitado a dois sal\u00e1rios m\u00ednimos por trabalhador e em contrapartida, o empregador n\u00e3o poder\u00e1 demitir sem justa causa por 60 dias depois do recebimento do cr\u00e9dito. O empr\u00e9stimo tem juros de 3,75% ao ano. A medida \u00e9 v\u00e1lida por dois meses.<\/span><\/p>\n<p><b>Mudan\u00e7as<\/b><\/p>\n<p><span style=\"font-weight: 400;\">Segundo o BC, dever\u00e3o ser inclu\u00eddas empresas com faturamento bruto anual em 2019 entre R$ 10 milh\u00f5es e R$ 50 milh\u00f5es e haver\u00e1 extens\u00e3o do programa por mais dois meses.<\/span><\/p>\n<p><span style=\"font-weight: 400;\">Al\u00e9m disso, ser\u00e1 liberada a concess\u00e3o de financiamento para empresas que mantiverem ao menos 50% dos postos de trabalho. Atualmente, a contrapartida \u00e9 a manuten\u00e7\u00e3o de todos os postos de trabalho.<\/span><\/p>\n<p><span style=\"font-weight: 400;\">A expectativa preliminar \u00e9 de impacto adicional R$ 5 bilh\u00f5es, com a extens\u00e3o de 2 meses para empresas atualmente eleg\u00edveis e mais R$ 5 bilh\u00f5es para empresas na nova faixa de faturamento. Com isso, o BC projeta o volume total do programa em R$ 15,5 bilh\u00f5es.<\/span><\/p>\n<p>&nbsp;<\/p>\n<p><strong>Fonte:<\/strong> Ag\u00eancia Brasil<\/p>\n","protected":false},"excerpt":{"rendered":"<p>Com a baixa libera\u00e7\u00e3o do cr\u00e9dito emergencial para pequenas e m\u00e9dias empresas manterem empregos, deve haver mudan\u00e7as no programa anunciado em mar\u00e7o. Em audi\u00eancia p\u00fablica virtual nessa segunda-feira (1\u00ba) do Congresso Nacional, o presidente do Banco Central (BC), Roberto Campos Neto, disse que dos R$ 40 bilh\u00f5es previstos, s\u00f3 foram liberados R$ 1,9 bilh\u00e3o. Foram [&hellip;]<\/p>\n","protected":false},"author":96,"featured_media":161421,"comment_status":"closed","ping_status":"closed","sticky":false,"template":"","format":"standard","meta":{"footnotes":""},"categories":[436,261,439],"tags":[],"class_list":["post-161420","post","type-post","status-publish","format-standard","has-post-thumbnail","hentry","category-destaque-da-semana","category-economia","category-ultima-hora"],"_links":{"self":[{"href":"https:\/\/diarioregionaldigital.com.br\/index.php?rest_route=\/wp\/v2\/posts\/161420","targetHints":{"allow":["GET"]}}],"collection":[{"href":"https:\/\/diarioregionaldigital.com.br\/index.php?rest_route=\/wp\/v2\/posts"}],"about":[{"href":"https:\/\/diarioregionaldigital.com.br\/index.php?rest_route=\/wp\/v2\/types\/post"}],"author":[{"embeddable":true,"href":"https:\/\/diarioregionaldigital.com.br\/index.php?rest_route=\/wp\/v2\/users\/96"}],"replies":[{"embeddable":true,"href":"https:\/\/diarioregionaldigital.com.br\/index.php?rest_route=%2Fwp%2Fv2%2Fcomments&post=161420"}],"version-history":[{"count":0,"href":"https:\/\/diarioregionaldigital.com.br\/index.php?rest_route=\/wp\/v2\/posts\/161420\/revisions"}],"wp:featuredmedia":[{"embeddable":true,"href":"https:\/\/diarioregionaldigital.com.br\/index.php?rest_route=\/wp\/v2\/media\/161421"}],"wp:attachment":[{"href":"https:\/\/diarioregionaldigital.com.br\/index.php?rest_route=%2Fwp%2Fv2%2Fmedia&parent=161420"}],"wp:term":[{"taxonomy":"category","embeddable":true,"href":"https:\/\/diarioregionaldigital.com.br\/index.php?rest_route=%2Fwp%2Fv2%2Fcategories&post=161420"},{"taxonomy":"post_tag","embeddable":true,"href":"https:\/\/diarioregionaldigital.com.br\/index.php?rest_route=%2Fwp%2Fv2%2Ftags&post=161420"}],"curies":[{"name":"wp","href":"https:\/\/api.w.org\/{rel}","templated":true}]}}