{"id":161414,"date":"2020-06-01T13:46:42","date_gmt":"2020-06-01T16:46:42","guid":{"rendered":"https:\/\/diarioregionaldigital.com.br\/?p=161414"},"modified":"2020-06-01T13:46:42","modified_gmt":"2020-06-01T16:46:42","slug":"proposta-define-medidas-de-transparencia-e-de-detalhamento-de-dados-sobre-a-covid-19-no-brasil","status":"publish","type":"post","link":"https:\/\/diarioregionaldigital.com.br\/?p=161414","title":{"rendered":"Proposta define medidas de transpar\u00eancia e de detalhamento de dados sobre a Covid-19 no Brasil"},"content":{"rendered":"<p><span style=\"font-weight: 400;\">O Projeto de Lei 2151\/20 define uma s\u00e9rie de medidas para dar maior transpar\u00eancia e detalhamento aos dados divulgados pelo Minist\u00e9rio da Sa\u00fade sobre casos confirmados, suspeitos e em investiga\u00e7\u00e3o de Covid-19.<\/span><\/p>\n<p><span style=\"font-weight: 400;\">As informa\u00e7\u00f5es precisam estar dispon\u00edveis em um s\u00f3 portal, com as respectivas s\u00e9ries hist\u00f3ricas em forma de painel para facilitar a compreens\u00e3o pelo p\u00fablico.<\/span><\/p>\n<p><span style=\"font-weight: 400;\">A proposta, dos deputados Felipe Rigoni (PSB-ES) e Tabata Amaral (PDT-SP), tramita na C\u00e2mara dos Deputados. O texto inclui a lista na Lei 13.979\/20, que trata do enfrentamento da Covid-19 no Brasil.<\/span><\/p>\n<p><span style=\"font-weight: 400;\">Pelo projeto, cada caso registrado e tamb\u00e9m as m\u00e9dias gerais devem ter informa\u00e7\u00f5es:<\/span><\/p>\n<p><span style=\"font-weight: 400;\">&#8211; epidemiol\u00f3gicas, como idade, sexo, ra\u00e7a, doen\u00e7as preexistentes, testes aguardando resultado;<\/span><\/p>\n<p><span style=\"font-weight: 400;\">&#8211; de servi\u00e7os de sa\u00fade, como leitos dispon\u00edveis, taxa de ocupa\u00e7\u00e3o, testes dispon\u00edveis e realizados;<\/span><\/p>\n<p><span style=\"font-weight: 400;\">&#8211; de recursos usados, como compras de equipamentos de prote\u00e7\u00e3o individual (EPI) e respiradores e despesa com campanhas publicit\u00e1rias.<\/span><\/p>\n<p><span style=\"font-weight: 400;\">Segundo os autores, a obten\u00e7\u00e3o de dados fidedignos e atualizados \u00e9 importante ferramenta para que os gestores p\u00fablicos tomem decis\u00f5es mais apropriadas. \u201cA transpar\u00eancia de informa\u00e7\u00f5es \u00e9 necess\u00e1ria para que a sociedade possa acompanhar a evolu\u00e7\u00e3o da doen\u00e7a e possa exercer um controle social mais adequado da performance dos tomadores de decis\u00e3o\u201d, afirmam Rigoni e Amaral na justificativa da proposta.<\/span><\/p>\n<p><span style=\"font-weight: 400;\">Eles disseram que a exist\u00eancia de uma base de dados mais transparente tamb\u00e9m ajuda a imprensa a disseminar informa\u00e7\u00f5es verificadas \u00e0 sociedade e a combater a \u201conda de desinforma\u00e7\u00e3o crescente\u201d.<\/span><\/p>\n<p><b>Individualiza\u00e7\u00e3o<\/b><\/p>\n<p><span style=\"font-weight: 400;\">As informa\u00e7\u00f5es devem ser individualizadas por paciente, com sigilo de informa\u00e7\u00f5es pessoais, e por unidade de sa\u00fade, com detalhamento geogr\u00e1fico inclusive por bairro de interna\u00e7\u00e3o e de cont\u00e1gio. Todas as informa\u00e7\u00f5es devem ficar dispon\u00edveis online e em dados abertos para permitir sua utiliza\u00e7\u00e3o e cruzamento. Os dados das unidades de tratamento intensivo (UTIs) devem ser informados separadamente.<\/span><\/p>\n<p><span style=\"font-weight: 400;\">A proposta tamb\u00e9m prev\u00ea um plano estrat\u00e9gico de enfrentamento \u00e0 pandemia, com a\u00e7\u00f5es previstas, e estudos t\u00e9cnicos, com as respectivas avalia\u00e7\u00f5es socioecon\u00f4micas de impacto. Al\u00e9m disso, a pasta deve divulgar informa\u00e7\u00f5es de enfrentamento, quarentenas e restri\u00e7\u00e3o de circula\u00e7\u00e3o.<\/span><\/p>\n<p><span style=\"font-weight: 400;\">\u201cO estabelecimento de um conjunto de par\u00e2metros m\u00ednimo garante que o governo federal e os entes federados se comprometam na divulga\u00e7\u00e3o dessas informa\u00e7\u00f5es de forma adequada\u201d, afirmaram os deputados na justificativa ao projeto. Segundo Rigoni e Amaral, essas informa\u00e7\u00f5es permitir\u00e3o o desenvolvimento de pesquisas e formula\u00e7\u00e3o de pol\u00edticas p\u00fablicas relacionadas \u00e0 Covid-19.<\/span><\/p>\n<p><b>Doen\u00e7as respirat\u00f3rias<\/b><\/p>\n<p><span style=\"font-weight: 400;\">Pelo projeto, o minist\u00e9rio tamb\u00e9m deve divulgar os casos de gripe e outros tipos de s\u00edndrome respirat\u00f3ria aguda grave (SRAG ou SARS, em ingl\u00eas). A SRAG \u00e9 causada por infec\u00e7\u00f5es de v\u00edrus ou bact\u00e9rias, como o influenza, da gripe, e o novo Sars CoV-2, causador da covid-19.<\/span><\/p>\n<p><span style=\"font-weight: 400;\">O sistema Infogripe, da Fiocruz, tem registrado aumento no n\u00famero de casos e mortes por SRAG neste ano em compara\u00e7\u00e3o com a m\u00e9dia anual. Munic\u00edpios com popula\u00e7\u00e3o at\u00e9 10 mil habitantes ficam dispensados de fornecer o detalhamento.<\/span><\/p>\n<p>&nbsp;<\/p>\n<p><strong>Fonte:<\/strong> Ag\u00eancia C\u00e2mara<\/p>\n","protected":false},"excerpt":{"rendered":"<p>O Projeto de Lei 2151\/20 define uma s\u00e9rie de medidas para dar maior transpar\u00eancia e detalhamento aos dados divulgados pelo Minist\u00e9rio da Sa\u00fade sobre casos confirmados, suspeitos e em investiga\u00e7\u00e3o de Covid-19. As informa\u00e7\u00f5es precisam estar dispon\u00edveis em um s\u00f3 portal, com as respectivas s\u00e9ries hist\u00f3ricas em forma de painel para facilitar a compreens\u00e3o pelo [&hellip;]<\/p>\n","protected":false},"author":96,"featured_media":161415,"comment_status":"closed","ping_status":"closed","sticky":false,"template":"","format":"standard","meta":{"footnotes":""},"categories":[436,254,439],"tags":[],"class_list":["post-161414","post","type-post","status-publish","format-standard","has-post-thumbnail","hentry","category-destaque-da-semana","category-politica","category-ultima-hora"],"_links":{"self":[{"href":"https:\/\/diarioregionaldigital.com.br\/index.php?rest_route=\/wp\/v2\/posts\/161414","targetHints":{"allow":["GET"]}}],"collection":[{"href":"https:\/\/diarioregionaldigital.com.br\/index.php?rest_route=\/wp\/v2\/posts"}],"about":[{"href":"https:\/\/diarioregionaldigital.com.br\/index.php?rest_route=\/wp\/v2\/types\/post"}],"author":[{"embeddable":true,"href":"https:\/\/diarioregionaldigital.com.br\/index.php?rest_route=\/wp\/v2\/users\/96"}],"replies":[{"embeddable":true,"href":"https:\/\/diarioregionaldigital.com.br\/index.php?rest_route=%2Fwp%2Fv2%2Fcomments&post=161414"}],"version-history":[{"count":0,"href":"https:\/\/diarioregionaldigital.com.br\/index.php?rest_route=\/wp\/v2\/posts\/161414\/revisions"}],"wp:featuredmedia":[{"embeddable":true,"href":"https:\/\/diarioregionaldigital.com.br\/index.php?rest_route=\/wp\/v2\/media\/161415"}],"wp:attachment":[{"href":"https:\/\/diarioregionaldigital.com.br\/index.php?rest_route=%2Fwp%2Fv2%2Fmedia&parent=161414"}],"wp:term":[{"taxonomy":"category","embeddable":true,"href":"https:\/\/diarioregionaldigital.com.br\/index.php?rest_route=%2Fwp%2Fv2%2Fcategories&post=161414"},{"taxonomy":"post_tag","embeddable":true,"href":"https:\/\/diarioregionaldigital.com.br\/index.php?rest_route=%2Fwp%2Fv2%2Ftags&post=161414"}],"curies":[{"name":"wp","href":"https:\/\/api.w.org\/{rel}","templated":true}]}}