{"id":161408,"date":"2020-06-01T13:29:00","date_gmt":"2020-06-01T16:29:00","guid":{"rendered":"https:\/\/diarioregionaldigital.com.br\/?p=161408"},"modified":"2020-06-01T13:29:00","modified_gmt":"2020-06-01T16:29:00","slug":"minas-gerais-tem-10-670-casos-confirmados-de-coronavirus","status":"publish","type":"post","link":"https:\/\/diarioregionaldigital.com.br\/?p=161408","title":{"rendered":"Minas Gerais tem 10.670 casos confirmados de Coronav\u00edrus"},"content":{"rendered":"<p>O\u00a0<a href=\"https:\/\/www.saude.mg.gov.br\/images\/noticias_e_eventos\/000_2020\/mar_abr_maio\/Boletim_Epidemiologico_COVID-19_01.06.2020.pdf\">boletim epidemiol\u00f3gico<\/a> divulgado nesta segunda-feira (1) pela Secretaria de Estado da Sa\u00fade de Minas Gerais (SES-MG), confirma que o estado chega a marca de 10.670 casos confirmados de Coronav\u00edrus. Segundo o levantamento, de ontem (31) para hoje, houve aumento de mais sete \u00f3bitos, totalizando 278 mortes confirmadas e 5.341 pacientes est\u00e3o recuperados da doen\u00e7a, representando 50,05% dos casos.<\/p>\n<p>Conforme os dados, 5.406 pacientes confirmados com a doen\u00e7a est\u00e3o fazendo isolamento social e 1.664 est\u00e3o internados. Al\u00e9m disso, foram feitos 22.338 testes laboratoriais, sendo que 1.769 deram resultado positivo, 19.742 deram negativo para Coronav\u00edrus e 621 est\u00e3o sob an\u00e1lise.<\/p>\n<p>Os\u00a0dados atualizados\u00a0referentes a \u00f3bitos confirmados em Minas Gerais podem ser conferidos no anexo abaixo.<\/p>\n<p><a href=\"https:\/\/diarioregionaldigital.com.br\/wp-content\/uploads\/2020\/06\/OBITOS_CONF_COVID-19_MG_01.06.2020.xls\">OBITOS_CONF_COVID-19_MG_01.06.2020<\/a><\/p>\n","protected":false},"excerpt":{"rendered":"<p>O\u00a0boletim epidemiol\u00f3gico divulgado nesta segunda-feira (1) pela Secretaria de Estado da Sa\u00fade de Minas Gerais (SES-MG), confirma que o estado chega a marca de 10.670 casos confirmados de Coronav\u00edrus. Segundo o levantamento, de ontem (31) para hoje, houve aumento de mais sete \u00f3bitos, totalizando 278 mortes confirmadas e 5.341 pacientes est\u00e3o recuperados da doen\u00e7a, representando [&hellip;]<\/p>\n","protected":false},"author":96,"featured_media":160712,"comment_status":"closed","ping_status":"closed","sticky":false,"template":"","format":"standard","meta":{"footnotes":""},"categories":[436,440,252,439],"tags":[],"class_list":["post-161408","post","type-post","status-publish","format-standard","has-post-thumbnail","hentry","category-destaque-da-semana","category-destaques-do-dia","category-regiao","category-ultima-hora"],"_links":{"self":[{"href":"https:\/\/diarioregionaldigital.com.br\/index.php?rest_route=\/wp\/v2\/posts\/161408","targetHints":{"allow":["GET"]}}],"collection":[{"href":"https:\/\/diarioregionaldigital.com.br\/index.php?rest_route=\/wp\/v2\/posts"}],"about":[{"href":"https:\/\/diarioregionaldigital.com.br\/index.php?rest_route=\/wp\/v2\/types\/post"}],"author":[{"embeddable":true,"href":"https:\/\/diarioregionaldigital.com.br\/index.php?rest_route=\/wp\/v2\/users\/96"}],"replies":[{"embeddable":true,"href":"https:\/\/diarioregionaldigital.com.br\/index.php?rest_route=%2Fwp%2Fv2%2Fcomments&post=161408"}],"version-history":[{"count":0,"href":"https:\/\/diarioregionaldigital.com.br\/index.php?rest_route=\/wp\/v2\/posts\/161408\/revisions"}],"wp:featuredmedia":[{"embeddable":true,"href":"https:\/\/diarioregionaldigital.com.br\/index.php?rest_route=\/wp\/v2\/media\/160712"}],"wp:attachment":[{"href":"https:\/\/diarioregionaldigital.com.br\/index.php?rest_route=%2Fwp%2Fv2%2Fmedia&parent=161408"}],"wp:term":[{"taxonomy":"category","embeddable":true,"href":"https:\/\/diarioregionaldigital.com.br\/index.php?rest_route=%2Fwp%2Fv2%2Fcategories&post=161408"},{"taxonomy":"post_tag","embeddable":true,"href":"https:\/\/diarioregionaldigital.com.br\/index.php?rest_route=%2Fwp%2Fv2%2Ftags&post=161408"}],"curies":[{"name":"wp","href":"https:\/\/api.w.org\/{rel}","templated":true}]}}