{"id":161403,"date":"2020-05-31T06:00:49","date_gmt":"2020-05-31T09:00:49","guid":{"rendered":"https:\/\/diarioregionaldigital.com.br\/?p=161403"},"modified":"2020-06-03T19:04:31","modified_gmt":"2020-06-03T22:04:31","slug":"assembleia-geral-vila-verde-saude-mental-31-05-2020","status":"publish","type":"post","link":"https:\/\/diarioregionaldigital.com.br\/?p=161403","title":{"rendered":"Assembl\u00e9ia Geral &#8211; Vila Verde Sa\u00fade Mental &#8211; 31\/05\/2020"},"content":{"rendered":"<p style=\"text-align: center;\"><strong>VILA VERDE SA\u00daDE MENTAL LTDA<\/strong><\/p>\n<p style=\"text-align: center;\"><strong>Edital de Convoca\u00e7\u00e3o<\/strong><\/p>\n<p style=\"text-align: center;\"><strong>Assembleia geral Extraordin\u00e1ria<\/strong><\/p>\n<p style=\"text-align: center;\"><strong>\u00a0<\/strong><strong>No uso das obriga\u00e7\u00f5es que lhe confere o Dr. Glauco Corr\u00eaa de Ara\u00fajo, Diretor-Administrativo, em cumprimento ao Art. 1.152, do c\u00f3digo Civil Brasileiro, convoca todos os s\u00f3cios para Assembleia Geral Extraordin\u00e1ria a se realizar em 08 de junho de 2020, \u00e0s 20:00 (vinte horas), em primeira convoca\u00e7\u00e3o e 20:30 (vinte e trinta horas), em segunda e \u00faltima convoca\u00e7\u00e3o, com qualquer n\u00famero de presentes, \u00e0 Alameda Santo Ant\u00f4nio, n\u00ba 555, Bosque do Imperador, CEP: 36.037-680 \u2013 Juiz de Fora-MG, para deliberarem sobre a seguinte pauta: 1) Liquida\u00e7\u00e3o das cotas do Dr. Silvio de Oliveira de acordo com Contrato social Cl\u00e1usula 10\u00ba e altera\u00e7\u00f5es posteriores notadamente 22\u00aa altera\u00e7\u00e3o,\u00a0 cl\u00e1usula n\u00ba 12\u00aa 2) Assuntos gerais de interesse societ\u00e1rio. OBSERVA\u00c7\u00d5ES: 1) Os representantes legais dos interessados que n\u00e3o puderem comparecer dever\u00e3o se fazer representar por procurador legalmente identificado por procura\u00e7\u00e3o p\u00fablica\u00a0 para o presente ato.<\/strong><\/p>\n<p style=\"text-align: center;\"><strong>Juiz de Fora, 26 de maio de 2020.<\/strong><\/p>\n<p style=\"text-align: center;\"><strong>_____________________________<\/strong><\/p>\n<p style=\"text-align: center;\"><strong>VILA VERDE SA\u00daDE MENTAL LTDA<\/strong><\/p>\n<p style=\"text-align: center;\"><strong>CNPJ 38.680.013\/0001-21<\/strong><\/p>\n<p style=\"text-align: center;\"><strong>GLAUCO CORR\u00caA DE ARA\u00daJO<\/strong><\/p>\n<p style=\"text-align: center;\"><strong>CRM\/MG n\u00ba 20.714<\/strong><\/p>\n","protected":false},"excerpt":{"rendered":"<p>VILA VERDE SA\u00daDE MENTAL LTDA Edital de Convoca\u00e7\u00e3o Assembleia geral Extraordin\u00e1ria \u00a0No uso das obriga\u00e7\u00f5es que lhe confere o Dr. Glauco Corr\u00eaa de Ara\u00fajo, Diretor-Administrativo, em cumprimento ao Art. 1.152, do c\u00f3digo Civil Brasileiro, convoca todos os s\u00f3cios para Assembleia Geral Extraordin\u00e1ria a se realizar em 08 de junho de 2020, \u00e0s 20:00 (vinte horas), [&hellip;]<\/p>\n","protected":false},"author":96,"featured_media":0,"comment_status":"closed","ping_status":"closed","sticky":false,"template":"","format":"standard","meta":{"footnotes":""},"categories":[307],"tags":[],"class_list":["post-161403","post","type-post","status-publish","format-standard","hentry","category-editais"],"_links":{"self":[{"href":"https:\/\/diarioregionaldigital.com.br\/index.php?rest_route=\/wp\/v2\/posts\/161403","targetHints":{"allow":["GET"]}}],"collection":[{"href":"https:\/\/diarioregionaldigital.com.br\/index.php?rest_route=\/wp\/v2\/posts"}],"about":[{"href":"https:\/\/diarioregionaldigital.com.br\/index.php?rest_route=\/wp\/v2\/types\/post"}],"author":[{"embeddable":true,"href":"https:\/\/diarioregionaldigital.com.br\/index.php?rest_route=\/wp\/v2\/users\/96"}],"replies":[{"embeddable":true,"href":"https:\/\/diarioregionaldigital.com.br\/index.php?rest_route=%2Fwp%2Fv2%2Fcomments&post=161403"}],"version-history":[{"count":0,"href":"https:\/\/diarioregionaldigital.com.br\/index.php?rest_route=\/wp\/v2\/posts\/161403\/revisions"}],"wp:attachment":[{"href":"https:\/\/diarioregionaldigital.com.br\/index.php?rest_route=%2Fwp%2Fv2%2Fmedia&parent=161403"}],"wp:term":[{"taxonomy":"category","embeddable":true,"href":"https:\/\/diarioregionaldigital.com.br\/index.php?rest_route=%2Fwp%2Fv2%2Fcategories&post=161403"},{"taxonomy":"post_tag","embeddable":true,"href":"https:\/\/diarioregionaldigital.com.br\/index.php?rest_route=%2Fwp%2Fv2%2Ftags&post=161403"}],"curies":[{"name":"wp","href":"https:\/\/api.w.org\/{rel}","templated":true}]}}