{"id":161393,"date":"2020-05-29T18:48:12","date_gmt":"2020-05-29T21:48:12","guid":{"rendered":"https:\/\/diarioregionaldigital.com.br\/?p=161393"},"modified":"2020-05-29T18:48:12","modified_gmt":"2020-05-29T21:48:12","slug":"beneficiarios-poderao-retirar-vale-alimentacao-na-se-a-partir-desta-segunda-feira","status":"publish","type":"post","link":"https:\/\/diarioregionaldigital.com.br\/?p=161393","title":{"rendered":"Benefici\u00e1rios poder\u00e3o retirar \u201cVale-alimenta\u00e7\u00e3o\u201d na SE a partir desta segunda-feira"},"content":{"rendered":"<p>Os benefici\u00e1rios que n\u00e3o compareceram \u00e0 institui\u00e7\u00e3o de ensino ou de parceria no per\u00edodo agendado para retirada do cart\u00e3o \u201cVale Alimenta\u00e7\u00e3o da Rede Municipal de Ensino\u201d dever\u00e3o buscar o documento na sede da Secretaria de Educa\u00e7\u00e3o (SE) da Prefeitura de Juiz de Fora a partir desta segunda-feira, 1\u00b0 de junho, de segunda a sexta-feira, de 12 \u00e0s 17 horas.<\/p>\n<p>O cart\u00e3o, que tem valor mensal de R$ 50 por aluno beneficiado, faz parte das medidas de combate \u00e0 covid-19, e serve como aux\u00edlio \u00e0 alimenta\u00e7\u00e3o de crian\u00e7as matriculadas nas escolas municipais e creches parceiras da PJF. Os estudantes devem ser de fam\u00edlias benefici\u00e1rias do Programa Bolsa Fam\u00edlia (PBF) e inscritas no Cadastro \u00danico do Governo federal (Cad\u00danico). A dura\u00e7\u00e3o inicial do benef\u00edcio \u00e9 de tr\u00eas meses, e os respons\u00e1veis pelas crian\u00e7as dever\u00e3o prestar contas das compras, para que novo carregamento do valor seja feito no per\u00edodo seguinte.<\/p>\n<p>Neste primeiro momento, 12.497 alunos, de 7.864 fam\u00edlias (segundo cadastro de maio) est\u00e3o contemplados. O n\u00famero pode aumentar, de acordo com novas inscri\u00e7\u00f5es a serem eventualmente realizadas no Cad\u00danico.<\/p>\n<p><b>Retirada do cart\u00e3o<\/b><\/p>\n<p>O cart\u00e3o somente poder\u00e1 ser retirado na sede da SE, na Avenida Get\u00falio Vargas, 200 \u2013 Centro, pelo titular respons\u00e1vel familiar no PBF, munido de documento com foto, comprovante do Bolsa Fam\u00edlia e usando m\u00e1scara.<\/p>\n<p>&nbsp;<\/p>\n<p><strong>Fonte:\u00a0<\/strong>Assessoria<\/p>\n","protected":false},"excerpt":{"rendered":"<p>Os benefici\u00e1rios que n\u00e3o compareceram \u00e0 institui\u00e7\u00e3o de ensino ou de parceria no per\u00edodo agendado para retirada do cart\u00e3o \u201cVale Alimenta\u00e7\u00e3o da Rede Municipal de Ensino\u201d dever\u00e3o buscar o documento na sede da Secretaria de Educa\u00e7\u00e3o (SE) da Prefeitura de Juiz de Fora a partir desta segunda-feira, 1\u00b0 de junho, de segunda a sexta-feira, de [&hellip;]<\/p>\n","protected":false},"author":96,"featured_media":161394,"comment_status":"closed","ping_status":"closed","sticky":false,"template":"","format":"standard","meta":{"footnotes":""},"categories":[253,436,439],"tags":[],"class_list":["post-161393","post","type-post","status-publish","format-standard","has-post-thumbnail","hentry","category-cidade","category-destaque-da-semana","category-ultima-hora"],"_links":{"self":[{"href":"https:\/\/diarioregionaldigital.com.br\/index.php?rest_route=\/wp\/v2\/posts\/161393","targetHints":{"allow":["GET"]}}],"collection":[{"href":"https:\/\/diarioregionaldigital.com.br\/index.php?rest_route=\/wp\/v2\/posts"}],"about":[{"href":"https:\/\/diarioregionaldigital.com.br\/index.php?rest_route=\/wp\/v2\/types\/post"}],"author":[{"embeddable":true,"href":"https:\/\/diarioregionaldigital.com.br\/index.php?rest_route=\/wp\/v2\/users\/96"}],"replies":[{"embeddable":true,"href":"https:\/\/diarioregionaldigital.com.br\/index.php?rest_route=%2Fwp%2Fv2%2Fcomments&post=161393"}],"version-history":[{"count":0,"href":"https:\/\/diarioregionaldigital.com.br\/index.php?rest_route=\/wp\/v2\/posts\/161393\/revisions"}],"wp:featuredmedia":[{"embeddable":true,"href":"https:\/\/diarioregionaldigital.com.br\/index.php?rest_route=\/wp\/v2\/media\/161394"}],"wp:attachment":[{"href":"https:\/\/diarioregionaldigital.com.br\/index.php?rest_route=%2Fwp%2Fv2%2Fmedia&parent=161393"}],"wp:term":[{"taxonomy":"category","embeddable":true,"href":"https:\/\/diarioregionaldigital.com.br\/index.php?rest_route=%2Fwp%2Fv2%2Fcategories&post=161393"},{"taxonomy":"post_tag","embeddable":true,"href":"https:\/\/diarioregionaldigital.com.br\/index.php?rest_route=%2Fwp%2Fv2%2Ftags&post=161393"}],"curies":[{"name":"wp","href":"https:\/\/api.w.org\/{rel}","templated":true}]}}